{"id":2269,"date":"2017-11-29T12:15:01","date_gmt":"2017-11-29T11:15:01","guid":{"rendered":"http:\/\/blog.pikon.de\/?p=2269"},"modified":"2024-01-05T09:46:15","modified_gmt":"2024-01-05T08:46:15","slug":"kommunikation-digitalisierung","status":"publish","type":"post","link":"https:\/\/www.pikon.com\/de\/blog\/kommunikation-digitalisierung\/","title":{"rendered":"Schl\u00fcsselfaktor Kommunikation in der Digitalisierung"},"content":{"rendered":"\t\t<div data-elementor-type=\"wp-post\" data-elementor-id=\"2269\" class=\"elementor elementor-2269\" data-elementor-settings=\"{&quot;element_pack_global_tooltip_width&quot;:{&quot;unit&quot;:&quot;px&quot;,&quot;size&quot;:&quot;&quot;,&quot;sizes&quot;:[]},&quot;element_pack_global_tooltip_width_tablet&quot;:{&quot;unit&quot;:&quot;px&quot;,&quot;size&quot;:&quot;&quot;,&quot;sizes&quot;:[]},&quot;element_pack_global_tooltip_width_mobile&quot;:{&quot;unit&quot;:&quot;px&quot;,&quot;size&quot;:&quot;&quot;,&quot;sizes&quot;:[]},&quot;element_pack_global_tooltip_padding&quot;:{&quot;unit&quot;:&quot;px&quot;,&quot;top&quot;:&quot;&quot;,&quot;right&quot;:&quot;&quot;,&quot;bottom&quot;:&quot;&quot;,&quot;left&quot;:&quot;&quot;,&quot;isLinked&quot;:true},&quot;element_pack_global_tooltip_padding_tablet&quot;:{&quot;unit&quot;:&quot;px&quot;,&quot;top&quot;:&quot;&quot;,&quot;right&quot;:&quot;&quot;,&quot;bottom&quot;:&quot;&quot;,&quot;left&quot;:&quot;&quot;,&quot;isLinked&quot;:true},&quot;element_pack_global_tooltip_padding_mobile&quot;:{&quot;unit&quot;:&quot;px&quot;,&quot;top&quot;:&quot;&quot;,&quot;right&quot;:&quot;&quot;,&quot;bottom&quot;:&quot;&quot;,&quot;left&quot;:&quot;&quot;,&quot;isLinked&quot;:true},&quot;element_pack_global_tooltip_border_radius&quot;:{&quot;unit&quot;:&quot;px&quot;,&quot;top&quot;:&quot;&quot;,&quot;right&quot;:&quot;&quot;,&quot;bottom&quot;:&quot;&quot;,&quot;left&quot;:&quot;&quot;,&quot;isLinked&quot;:true},&quot;element_pack_global_tooltip_border_radius_tablet&quot;:{&quot;unit&quot;:&quot;px&quot;,&quot;top&quot;:&quot;&quot;,&quot;right&quot;:&quot;&quot;,&quot;bottom&quot;:&quot;&quot;,&quot;left&quot;:&quot;&quot;,&quot;isLinked&quot;:true},&quot;element_pack_global_tooltip_border_radius_mobile&quot;:{&quot;unit&quot;:&quot;px&quot;,&quot;top&quot;:&quot;&quot;,&quot;right&quot;:&quot;&quot;,&quot;bottom&quot;:&quot;&quot;,&quot;left&quot;:&quot;&quot;,&quot;isLinked&quot;:true}}\" data-elementor-post-type=\"post\">\n\t\t\t\t\t\t<section class=\"elementor-section elementor-top-section elementor-element elementor-element-ae5adaf elementor-section-boxed elementor-section-height-default elementor-section-height-default\" data-id=\"ae5adaf\" data-element_type=\"section\" data-e-type=\"section\">\n\t\t\t\t\t\t<div class=\"elementor-container elementor-column-gap-default\">\n\t\t\t\t\t<div class=\"elementor-column elementor-col-100 elementor-top-column elementor-element elementor-element-25ecf1ea\" data-id=\"25ecf1ea\" data-element_type=\"column\" data-e-type=\"column\">\n\t\t\t<div class=\"elementor-widget-wrap elementor-element-populated\">\n\t\t\t\t\t\t<div class=\"elementor-element elementor-element-7a5e2f06 elementor-widget elementor-widget-text-editor\" data-id=\"7a5e2f06\" data-element_type=\"widget\" data-e-type=\"widget\" data-widget_type=\"text-editor.default\">\n\t\t\t\t<div class=\"elementor-widget-container\">\n\t\t\t\t\t\t\t\t\t<p>Digitalisierung, Industrie 4.0, Internet of Things, wer kennt sie nicht, die allgegenw\u00e4rtigen Schlagw\u00f6rter? L\u00e4ngst stecken wir mittendrin in der digitalen Transformation, die unser Arbeitsumfeld ma\u00dfgebend ver\u00e4ndert. Es ist nicht nur die Technik, die immer intelligenter und datenbasierter wird, die neuen Wertsch\u00f6pfungssysteme, die wiederum neue Gesch\u00e4ftsmodelle kreiert; es ist vor allem auch ein Ver\u00e4nderungsprozess, der die Unternehmenskultur Kopf stehen l\u00e4sst.<\/p><ul><li>\u201eZu wenig Mitarbeiter mit entsprechend Know-How\u201c,<\/li><li>\u201eGesch\u00e4ftsprozesse sind nicht flexibel genug\u201c,<\/li><li>\u201eZu starre Organisationsstrukturen\u201c und<\/li><li>\u201eKeine \u00fcbergreifende Planung\u201c<\/li><\/ul><p>sind die vier Kernaussagen zu den gr\u00f6\u00dften Schwachstellen auf dem Zeitstrahl der Digitalisierung.<\/p><p><span style=\"color: var( --e-global-color-primary ); font-family: inherit; font-size: 32px; font-style: inherit; font-weight: bold;\">Der Stellenwert der Digitalisierung in Unternehmen<\/span><\/p><p><a href=\"https:\/\/www.capgemini.com\/consulting-de\/wp-content\/uploads\/sites\/32\/2017\/10\/change-management-studie-2017.pdf\" target=\"_blank\" rel=\"noopener noreferrer\">Eine aktuelle Studie des Beratungsunternehmens Capgemini Consulting<\/a>, die sich mit den neusten IT Trends auseinandergesetzt hat, unterstreicht den <a href=\"https:\/\/www.pikon.com\/de\/unternehmen\/strategie.html\" target=\"_blank\" rel=\"noopener noreferrer\">3-Punkt Ansatz der PIKON Deutschland AG<\/a> erneut: \u201e<strong>Digitalisierung ohne Kulturwandel funktioniert nicht<\/strong>.\u201c \u2013 Wer im Zuge der Digitalisierung den Faktor Mensch au\u00dfer Acht l\u00e4sst, kann nicht erfolgreich sein. Viel mehr bedarf es einer geschickten Verzahnung von menschlicher und k\u00fcnstlicher Intelligenz im Einklang mit den Gesch\u00e4ftsprozessen und den dazu ben\u00f6tigenden Technologien. Durch die Einbindung aller wesentlichen Ressourcen, dem richtigen Tempo und einer \u00fcbergreifenden Unternehmenskommunikation steht kein Unternehmen mehr vor einer unl\u00f6sbaren Aufgabe.<\/p><h3>Was bedeutet Digitalisierung konkret?<\/h3><p>Digitalisierung bedeutet, dass Technologien betriebswirtschaftliche Strukturen und Abl\u00e4ufe ver\u00e4ndern. Prozesse und Systeme werden in immer k\u00fcrzeren Zyklen weiterentwickelt. Wichtig ist es, dass die Bed\u00fcrfnisse und Bedenken der einzelnen Mitarbeiter von Anfang an aktiv in das Projekt miteingebunden werden. Ansonsten entsteht Skepsis und Ablehnung, was zwangsl\u00e4ufig zum Fehlschlag der Umsetzung des digitalen Wandels f\u00fchrt. Heutzutage wird von den Menschen erwartet:<\/p><ul><li>Neuerungen zu begr\u00fc\u00dfen,<\/li><li>Fehlschl\u00e4ge als Lernerfolg abzusegnen,<\/li><li>ausgetretene Trampelwege zu verlassen und<\/li><li>aktiv nach kreativen L\u00f6sungsans\u00e4tzen zu suchen.<\/li><\/ul><p>Unterst\u00fctzt und begleitet werden diese Anforderungen durch unterschiedliche Methoden, denn die Nutzung digitaler Angebote f\u00fchrt zu \u00c4nderungen der menschlichen Lern- und Wahrnehmungsprozesse.<\/p><h3>Wie wirkt sich die Digitalisierung aus?<\/h3><p>Schritt f\u00fcr Schritt erkennen wir also, dass:<\/p><ul><li>Digitale Transformation nur als gesamte Organisation mit gemeinsamen Zielen zu meistern ist,<\/li><li>wir von begleitenden Ver\u00e4nderungen sprechen, die tief in der Kultur verankert sind und die eigentliche Umsetzung und Kommunikation Herausforderungen birgt,<\/li><li>neue Rollen und Aufgaben im Unternehmen gelebt werden m\u00fcssen,<\/li><li>und das Bereichs\u00fcbergreifend um den disruptiven Wandel zu bezwingen.<\/li><\/ul><p>Entscheidend ist, dass Menschen diese Werkzeuge zur Gestaltung und Bearbeitung von Prozessen auch einsetzen. Wenn das gelingt, werden Unternehmen zu Gewinnern der digitalen Transformation.<\/p><h2>Ihr Weg in die Digitalisierung &#8211; gemeinsam mit PIKON<\/h2><p>Dieser Herausforderung wollen wir uns stellen. In jedem einzelnen Projekt. Gemeinsam mit unseren Kunden. Basierend auf dem <a href=\"https:\/\/www.pikon.com\/de\/unternehmen\/strategie.html\" target=\"_blank\" rel=\"noopener noreferrer\">3-Punkt-Ansatz<\/a> entwickeln wir f\u00fcr jedes Projekt das passgenaue Informations- und Kommunikationspaket. Deshalb haben wir als PIKON unser Mission Statement wie folgt formuliert:<\/p><blockquote><p>Wir glauben, dass an der Schnittstelle zwischen Betriebswirtschaftslehre und IT enorme Potenziale liegen. Wir sind IT Spezialisten, betriebswirtschaftliche Berater und Kommunikationsexperten. Wir sind \u00fcberzeugt davon, dass ein Beratungshaus diese Expertisen vereinen muss, um komplexe Probleme zu l\u00f6sen. Wir haben Spa\u00df daran, funktionierende Systeme und L\u00f6sungen zu schaffen. Unser Handeln dient den Menschen innerhalb und au\u00dferhalb des Unternehmens.<\/p><\/blockquote><p>Kommunikation ist der Schl\u00fcssel in der Unternehmenskultur. Aber wie wir kommunizieren, und die Geschwindigkeit mit der wir kommunizieren \u00e4ndern sich st\u00e4ndig. 2018 ist da keine Ausnahme und bringt eine neue Welle der Digitalisierung. Seien Sie vorbereitet und treten Sie mit uns in Kontakt!<\/p>\t\t\t\t\t\t\t\t<\/div>\n\t\t\t\t<\/div>\n\t\t\t\t\t<\/div>\n\t\t<\/div>\n\t\t\t\t\t<\/div>\n\t\t<\/section>\n\t\t\t\t<section class=\"elementor-section elementor-top-section elementor-element elementor-element-a1eb421 elementor-section-height-min-height elementor-section-boxed elementor-section-height-default elementor-section-items-middle\" data-id=\"a1eb421\" data-element_type=\"section\" data-e-type=\"section\">\n\t\t\t\t\t\t<div class=\"elementor-container elementor-column-gap-default\">\n\t\t\t\t\t<div class=\"elementor-column elementor-col-100 elementor-top-column elementor-element elementor-element-1fe4c3a\" data-id=\"1fe4c3a\" data-element_type=\"column\" data-e-type=\"column\" data-settings=\"{&quot;background_background&quot;:&quot;classic&quot;}\">\n\t\t\t<div class=\"elementor-widget-wrap elementor-element-populated\">\n\t\t\t\t\t\t<section class=\"elementor-section elementor-inner-section elementor-element elementor-element-214db73 elementor-section-boxed elementor-section-height-default elementor-section-height-default\" data-id=\"214db73\" data-element_type=\"section\" data-e-type=\"section\">\n\t\t\t\t\t\t<div class=\"elementor-container elementor-column-gap-default\">\n\t\t\t\t\t<div class=\"elementor-column elementor-col-100 elementor-inner-column elementor-element elementor-element-05674c7\" data-id=\"05674c7\" data-element_type=\"column\" data-e-type=\"column\">\n\t\t\t<div class=\"elementor-widget-wrap elementor-element-populated\">\n\t\t\t\t\t\t<div class=\"elementor-element elementor-element-f4c359a elementor-widget elementor-widget-heading\" data-id=\"f4c359a\" data-element_type=\"widget\" data-e-type=\"widget\" data-widget_type=\"heading.default\">\n\t\t\t\t<div class=\"elementor-widget-container\">\n\t\t\t\t\t<h2 class=\"elementor-heading-title elementor-size-default\">Vereinbaren Sie Ihren pers\u00f6nlichen Gespr\u00e4chstermin mit unseren Experten f\u00fcr Organisational Development<\/h2>\t\t\t\t<\/div>\n\t\t\t\t<\/div>\n\t\t\t\t\t<\/div>\n\t\t<\/div>\n\t\t\t\t\t<\/div>\n\t\t<\/section>\n\t\t\t\t<section class=\"elementor-section elementor-inner-section elementor-element elementor-element-750413f elementor-section-height-min-height elementor-section-boxed elementor-section-height-default\" data-id=\"750413f\" data-element_type=\"section\" data-e-type=\"section\" data-settings=\"{&quot;background_background&quot;:&quot;classic&quot;}\">\n\t\t\t\t\t\t<div class=\"elementor-container elementor-column-gap-default\">\n\t\t\t\t\t<div class=\"elementor-column elementor-col-100 elementor-inner-column elementor-element elementor-element-e7d837d\" data-id=\"e7d837d\" data-element_type=\"column\" data-e-type=\"column\">\n\t\t\t<div class=\"elementor-widget-wrap elementor-element-populated\">\n\t\t\t\t\t\t<div class=\"elementor-element elementor-element-25ff196 elementor-widget__width-initial elementor-widget elementor-widget-pikon-author-box-widget\" data-id=\"25ff196\" data-element_type=\"widget\" data-e-type=\"widget\" data-widget_type=\"pikon-author-box-widget.default\">\n\t\t\t\t<div class=\"elementor-widget-container\">\n\t\t\t\t\t<div class=\"elementor-widget-image-box elementor-position-left elementor-vertical-align-top\"><div class=\"elementor-image-box-wrapper\"><figure class=\"elementor-image-box-img\"><img decoding=\"async\" src=\"https:\/\/www.pikon.com\/wp-content\/uploads\/2023\/03\/Martina_klein-1-150x150.jpg\" alt=\"Martina Ksinsik\" title=\"Martina Ksinsik\" loading=\"lazy\"\/><\/a><\/figure><div class=\"elementor-image-box-content\"><div class=\"elementor-image-box-title\">Martina Ksinsik<\/div><div class=\"elementor-image-box-position\">Customer Success Manager<\/div><div class=\"elementor-image-box-phone\"><a href=\"tel:+4968137962113\"><i class=\"fas fa-phone\"><\/i> +49 (0) 681 379 62 - 113<\/a><\/div><div class=\"elementor-image-box-mail\"><a href=\"mailto:martina.ksinsik@pikon.com\"><i class=\"fa-fw far fa-envelope\"><\/i> martina.ksinsik@pikon.com<\/a><\/div><div class=\"elementor-image-box-description\"><p><div class=\"activecampaign-inline-container \"><div class=\"activecampaign-inline-form\">[borlabs-cookie id=\"active-campaign-email-marketing-form\" type=\"content-blocker\"]<div class='_form_168'><\/div><script type='text\/javascript' src='https:\/\/pikon.activehosted.com\/f\/embed.php?static=0&id=168&6A9AA4D2512B0&nostyles=0&preview=0'><\/script>[\/borlabs-cookie]<\/div><div class=\"activecampaign-inline-button\"><a class=\"cta-button\" href=\"#\">Jetzt Gespr\u00e4chstermin vereinbaren<\/a><\/div><\/div><\/p><\/div><\/div><\/div><\/div>\t\t\t\t<\/div>\n\t\t\t\t<\/div>\n\t\t\t\t\t<\/div>\n\t\t<\/div>\n\t\t\t\t\t<\/div>\n\t\t<\/section>\n\t\t\t\t\t<\/div>\n\t\t<\/div>\n\t\t\t\t\t<\/div>\n\t\t<\/section>\n\t\t\t\t<\/div>\n\t\t","protected":false},"excerpt":{"rendered":"<p>Digitalisierung wirkt sich auf die Unternehmenskultur aus. So nehmen Sie Ihre Mitarbeiter mit.<\/p>\n","protected":false},"author":34,"featured_media":2302,"comment_status":"open","ping_status":"open","sticky":false,"template":"","format":"standard","meta":{"_acf_changed":false,"footnotes":""},"categories":[27],"tags":[419,260],"class_list":["post-2269","post","type-post","status-publish","format-standard","has-post-thumbnail","hentry","category-people","tag-digitale-transformation","tag-projekt-und-change-management","no-featured-image-padding"],"acf":[],"yoast_head":"<!-- This site is optimized with the Yoast SEO plugin v28.4 - https:\/\/yoast.com\/product\/yoast-seo-wordpress\/ -->\n<title>Schl\u00fcsselfaktor Kommunikation in der Digitalisierung - PIKON SAP Beratung<\/title>\n<meta name=\"description\" content=\"Nur mit der richtigen Kommunikation werden Projekte in der Digitalisierung erfolgreich umgesetzt. Der Faktor Mensch ist dabei immer noch entscheidend.\" \/>\n<meta name=\"robots\" content=\"index, follow, max-snippet:-1, max-image-preview:large, max-video-preview:-1\" \/>\n<link rel=\"canonical\" href=\"https:\/\/www.pikon.com\/de\/blog\/kommunikation-digitalisierung\/\" \/>\n<meta property=\"og:locale\" content=\"de_DE\" \/>\n<meta property=\"og:type\" content=\"article\" \/>\n<meta property=\"og:title\" content=\"Schl\u00fcsselfaktor Kommunikation in der Digitalisierung - PIKON SAP Beratung\" \/>\n<meta property=\"og:description\" content=\"Nur mit der richtigen Kommunikation werden Projekte in der Digitalisierung erfolgreich umgesetzt. Der Faktor Mensch ist dabei immer noch entscheidend.\" \/>\n<meta property=\"og:url\" content=\"https:\/\/www.pikon.com\/de\/blog\/kommunikation-digitalisierung\/\" \/>\n<meta property=\"og:site_name\" content=\"PIKON SAP Beratung\" \/>\n<meta property=\"article:published_time\" content=\"2017-11-29T11:15:01+00:00\" \/>\n<meta property=\"article:modified_time\" content=\"2024-01-05T08:46:15+00:00\" \/>\n<meta property=\"og:image\" content=\"https:\/\/www.pikon.com\/wp-content\/uploads\/2017\/11\/Kommunikation-Digital_175881554_S.jpg\" \/>\n\t<meta property=\"og:image:width\" content=\"969\" \/>\n\t<meta property=\"og:image:height\" content=\"496\" \/>\n\t<meta property=\"og:image:type\" content=\"image\/jpeg\" \/>\n<meta name=\"author\" content=\"Corina Leidinger\" \/>\n<meta name=\"twitter:card\" content=\"summary_large_image\" \/>\n<!-- \/ Yoast SEO plugin. -->","yoast_head_json":{"title":"Schl\u00fcsselfaktor Kommunikation in der Digitalisierung - PIKON SAP Beratung","description":"Nur mit der richtigen Kommunikation werden Projekte in der Digitalisierung erfolgreich umgesetzt. Der Faktor Mensch ist dabei immer noch entscheidend.","robots":{"index":"index","follow":"follow","max-snippet":"max-snippet:-1","max-image-preview":"max-image-preview:large","max-video-preview":"max-video-preview:-1"},"canonical":"https:\/\/www.pikon.com\/de\/blog\/kommunikation-digitalisierung\/","og_locale":"de_DE","og_type":"article","og_title":"Schl\u00fcsselfaktor Kommunikation in der Digitalisierung - PIKON SAP Beratung","og_description":"Nur mit der richtigen Kommunikation werden Projekte in der Digitalisierung erfolgreich umgesetzt. Der Faktor Mensch ist dabei immer noch entscheidend.","og_url":"https:\/\/www.pikon.com\/de\/blog\/kommunikation-digitalisierung\/","og_site_name":"PIKON SAP Beratung","article_published_time":"2017-11-29T11:15:01+00:00","article_modified_time":"2024-01-05T08:46:15+00:00","og_image":[{"width":969,"height":496,"url":"https:\/\/www.pikon.com\/wp-content\/uploads\/2017\/11\/Kommunikation-Digital_175881554_S.jpg","type":"image\/jpeg"}],"author":"Corina Leidinger","twitter_card":"summary_large_image","schema":{"@context":"https:\/\/schema.org","@graph":[{"@type":"Article","@id":"https:\/\/www.pikon.com\/de\/blog\/kommunikation-digitalisierung\/#article","isPartOf":{"@id":"https:\/\/www.pikon.com\/de\/blog\/kommunikation-digitalisierung\/"},"author":{"name":"Corina Leidinger","@id":"https:\/\/www.pikon.com\/de\/#\/schema\/person\/b070ad32006d2cfbe8e4b17d43e70264"},"headline":"Schl\u00fcsselfaktor Kommunikation in der Digitalisierung","datePublished":"2017-11-29T11:15:01+00:00","dateModified":"2024-01-05T08:46:15+00:00","mainEntityOfPage":{"@id":"https:\/\/www.pikon.com\/de\/blog\/kommunikation-digitalisierung\/"},"wordCount":597,"commentCount":0,"publisher":{"@id":"https:\/\/www.pikon.com\/de\/#organization"},"image":{"@id":"https:\/\/www.pikon.com\/de\/blog\/kommunikation-digitalisierung\/#primaryimage"},"thumbnailUrl":"https:\/\/www.pikon.com\/wp-content\/uploads\/2017\/11\/Kommunikation-Digital_175881554_S.jpg","keywords":["Digitale Transformation","Projekt- und Changemanagement"],"articleSection":["People"],"inLanguage":"de","potentialAction":[{"@type":"CommentAction","name":"Comment","target":["https:\/\/www.pikon.com\/de\/blog\/kommunikation-digitalisierung\/#respond"]}]},{"@type":"WebPage","@id":"https:\/\/www.pikon.com\/de\/blog\/kommunikation-digitalisierung\/","url":"https:\/\/www.pikon.com\/de\/blog\/kommunikation-digitalisierung\/","name":"Schl\u00fcsselfaktor Kommunikation in der Digitalisierung - PIKON SAP Beratung","isPartOf":{"@id":"https:\/\/www.pikon.com\/de\/#website"},"primaryImageOfPage":{"@id":"https:\/\/www.pikon.com\/de\/blog\/kommunikation-digitalisierung\/#primaryimage"},"image":{"@id":"https:\/\/www.pikon.com\/de\/blog\/kommunikation-digitalisierung\/#primaryimage"},"thumbnailUrl":"https:\/\/www.pikon.com\/wp-content\/uploads\/2017\/11\/Kommunikation-Digital_175881554_S.jpg","datePublished":"2017-11-29T11:15:01+00:00","dateModified":"2024-01-05T08:46:15+00:00","description":"Nur mit der richtigen Kommunikation werden Projekte in der Digitalisierung erfolgreich umgesetzt. Der Faktor Mensch ist dabei immer noch entscheidend.","breadcrumb":{"@id":"https:\/\/www.pikon.com\/de\/blog\/kommunikation-digitalisierung\/#breadcrumb"},"inLanguage":"de","potentialAction":[{"@type":"ReadAction","target":["https:\/\/www.pikon.com\/de\/blog\/kommunikation-digitalisierung\/"]}]},{"@type":"ImageObject","inLanguage":"de","@id":"https:\/\/www.pikon.com\/de\/blog\/kommunikation-digitalisierung\/#primaryimage","url":"https:\/\/www.pikon.com\/wp-content\/uploads\/2017\/11\/Kommunikation-Digital_175881554_S.jpg","contentUrl":"https:\/\/www.pikon.com\/wp-content\/uploads\/2017\/11\/Kommunikation-Digital_175881554_S.jpg","width":969,"height":496,"caption":"Teamwork und gute Kommunikation sind wichtig auf dem Weg in die Digitalisierung"},{"@type":"BreadcrumbList","@id":"https:\/\/www.pikon.com\/de\/blog\/kommunikation-digitalisierung\/#breadcrumb","itemListElement":[{"@type":"ListItem","position":1,"name":"Home","item":"https:\/\/www.pikon.com\/de\/"},{"@type":"ListItem","position":2,"name":"Schl\u00fcsselfaktor Kommunikation in der Digitalisierung"}]},{"@type":"WebSite","@id":"https:\/\/www.pikon.com\/de\/#website","url":"https:\/\/www.pikon.com\/de\/","name":"PIKON SAP Beratung","description":"SAP Beratung, SAP ERP Beratung, SAP Unternehmensberatung, SAP Softwareentwicklung, SAP Releasewechsel, SAP Partner, SAP Projekte, SAP Entwicklung, Einf\u00fchrung SAP ERP, Einf\u00fchrung SAP BI, ABAP Programmierung, SAP RollOut, SAP Schulung, SAP Hilfe, SAP Projektmanagement, Non Conformance Costs, NCC, HANA, Performance, Reporting, Business Intelligence, Customer Development, Change Management","publisher":{"@id":"https:\/\/www.pikon.com\/de\/#organization"},"potentialAction":[{"@type":"SearchAction","target":{"@type":"EntryPoint","urlTemplate":"https:\/\/www.pikon.com\/de\/?s={search_term_string}"},"query-input":{"@type":"PropertyValueSpecification","valueRequired":true,"valueName":"search_term_string"}}],"inLanguage":"de"},{"@type":"Organization","@id":"https:\/\/www.pikon.com\/de\/#organization","name":"PIKON","url":"https:\/\/www.pikon.com\/de\/","logo":{"@type":"ImageObject","inLanguage":"de","@id":"https:\/\/www.pikon.com\/de\/#\/schema\/logo\/image\/","url":"https:\/\/www.pikon.com\/wp-content\/uploads\/2016\/07\/PIKON_Logo_NET_RGB.png","contentUrl":"https:\/\/www.pikon.com\/wp-content\/uploads\/2016\/07\/PIKON_Logo_NET_RGB.png","width":1810,"height":489,"caption":"PIKON"},"image":{"@id":"https:\/\/www.pikon.com\/de\/#\/schema\/logo\/image\/"}},{"@type":"Person","@id":"https:\/\/www.pikon.com\/de\/#\/schema\/person\/b070ad32006d2cfbe8e4b17d43e70264","name":"Corina Leidinger","image":{"@type":"ImageObject","inLanguage":"de","@id":"https:\/\/www.pikon.com\/wp-content\/uploads\/2017\/11\/Corina_Graff-150x150.jpg","url":"https:\/\/www.pikon.com\/wp-content\/uploads\/2017\/11\/Corina_Graff-150x150.jpg","contentUrl":"https:\/\/www.pikon.com\/wp-content\/uploads\/2017\/11\/Corina_Graff-150x150.jpg","caption":"Corina Leidinger"},"url":"https:\/\/www.pikon.com\/de\/blog\/author\/corina-graff\/"}]}},"_links":{"self":[{"href":"https:\/\/www.pikon.com\/de\/wp-json\/wp\/v2\/posts\/2269","targetHints":{"allow":["GET"]}}],"collection":[{"href":"https:\/\/www.pikon.com\/de\/wp-json\/wp\/v2\/posts"}],"about":[{"href":"https:\/\/www.pikon.com\/de\/wp-json\/wp\/v2\/types\/post"}],"author":[{"embeddable":true,"href":"https:\/\/www.pikon.com\/de\/wp-json\/wp\/v2\/users\/34"}],"replies":[{"embeddable":true,"href":"https:\/\/www.pikon.com\/de\/wp-json\/wp\/v2\/comments?post=2269"}],"version-history":[{"count":18,"href":"https:\/\/www.pikon.com\/de\/wp-json\/wp\/v2\/posts\/2269\/revisions"}],"predecessor-version":[{"id":71919,"href":"https:\/\/www.pikon.com\/de\/wp-json\/wp\/v2\/posts\/2269\/revisions\/71919"}],"wp:featuredmedia":[{"embeddable":true,"href":"https:\/\/www.pikon.com\/de\/wp-json\/wp\/v2\/media\/2302"}],"wp:attachment":[{"href":"https:\/\/www.pikon.com\/de\/wp-json\/wp\/v2\/media?parent=2269"}],"wp:term":[{"taxonomy":"category","embeddable":true,"href":"https:\/\/www.pikon.com\/de\/wp-json\/wp\/v2\/categories?post=2269"},{"taxonomy":"post_tag","embeddable":true,"href":"https:\/\/www.pikon.com\/de\/wp-json\/wp\/v2\/tags?post=2269"}],"curies":[{"name":"wp","href":"https:\/\/api.w.org\/{rel}","templated":true}]}}