{"id":29256,"date":"2021-03-02T23:43:02","date_gmt":"2021-03-02T22:43:02","guid":{"rendered":"http:\/\/wordpress.p566832.webspaceconfig.de\/?p=29256"},"modified":"2025-04-15T15:31:57","modified_gmt":"2025-04-15T13:31:57","slug":"digitale-planung-im-unternehmen","status":"publish","type":"post","link":"https:\/\/www.pikon.com\/de\/blog\/digitale-planung-im-unternehmen\/","title":{"rendered":"Digitale Planung im Unternehmen"},"content":{"rendered":"\t\t<div data-elementor-type=\"wp-post\" data-elementor-id=\"29256\" class=\"elementor elementor-29256\" data-elementor-settings=\"{&quot;element_pack_global_tooltip_width&quot;:{&quot;unit&quot;:&quot;px&quot;,&quot;size&quot;:&quot;&quot;,&quot;sizes&quot;:[]},&quot;element_pack_global_tooltip_width_tablet&quot;:{&quot;unit&quot;:&quot;px&quot;,&quot;size&quot;:&quot;&quot;,&quot;sizes&quot;:[]},&quot;element_pack_global_tooltip_width_mobile&quot;:{&quot;unit&quot;:&quot;px&quot;,&quot;size&quot;:&quot;&quot;,&quot;sizes&quot;:[]},&quot;element_pack_global_tooltip_padding&quot;:{&quot;unit&quot;:&quot;px&quot;,&quot;top&quot;:&quot;&quot;,&quot;right&quot;:&quot;&quot;,&quot;bottom&quot;:&quot;&quot;,&quot;left&quot;:&quot;&quot;,&quot;isLinked&quot;:true},&quot;element_pack_global_tooltip_padding_tablet&quot;:{&quot;unit&quot;:&quot;px&quot;,&quot;top&quot;:&quot;&quot;,&quot;right&quot;:&quot;&quot;,&quot;bottom&quot;:&quot;&quot;,&quot;left&quot;:&quot;&quot;,&quot;isLinked&quot;:true},&quot;element_pack_global_tooltip_padding_mobile&quot;:{&quot;unit&quot;:&quot;px&quot;,&quot;top&quot;:&quot;&quot;,&quot;right&quot;:&quot;&quot;,&quot;bottom&quot;:&quot;&quot;,&quot;left&quot;:&quot;&quot;,&quot;isLinked&quot;:true},&quot;element_pack_global_tooltip_border_radius&quot;:{&quot;unit&quot;:&quot;px&quot;,&quot;top&quot;:&quot;&quot;,&quot;right&quot;:&quot;&quot;,&quot;bottom&quot;:&quot;&quot;,&quot;left&quot;:&quot;&quot;,&quot;isLinked&quot;:true},&quot;element_pack_global_tooltip_border_radius_tablet&quot;:{&quot;unit&quot;:&quot;px&quot;,&quot;top&quot;:&quot;&quot;,&quot;right&quot;:&quot;&quot;,&quot;bottom&quot;:&quot;&quot;,&quot;left&quot;:&quot;&quot;,&quot;isLinked&quot;:true},&quot;element_pack_global_tooltip_border_radius_mobile&quot;:{&quot;unit&quot;:&quot;px&quot;,&quot;top&quot;:&quot;&quot;,&quot;right&quot;:&quot;&quot;,&quot;bottom&quot;:&quot;&quot;,&quot;left&quot;:&quot;&quot;,&quot;isLinked&quot;:true}}\" data-elementor-post-type=\"post\">\n\t\t\t\t\t\t<section class=\"elementor-section elementor-top-section elementor-element elementor-element-5ba444d elementor-section-boxed elementor-section-height-default elementor-section-height-default\" data-id=\"5ba444d\" data-element_type=\"section\" data-e-type=\"section\">\n\t\t\t\t\t\t<div class=\"elementor-container elementor-column-gap-default\">\n\t\t\t\t\t<div class=\"elementor-column elementor-col-100 elementor-top-column elementor-element elementor-element-80fa91a\" data-id=\"80fa91a\" data-element_type=\"column\" data-e-type=\"column\">\n\t\t\t<div class=\"elementor-widget-wrap elementor-element-populated\">\n\t\t\t\t\t\t<div class=\"elementor-element elementor-element-e402a27 elementor-widget elementor-widget-text-editor\" data-id=\"e402a27\" data-element_type=\"widget\" data-e-type=\"widget\" data-widget_type=\"text-editor.default\">\n\t\t\t\t<div class=\"elementor-widget-container\">\n\t\t\t\t\t\t\t\t\t<h2>Wie kann ich die L\u00fccke zwischen Anspruch und Wirklichkeit schlie\u00dfen?<\/h2><p>Bereits in einem Artikel aus dem Jahr 2016 hat unser Vorstand und Gr\u00fcnder Jochen Scheibler im Rahmen des TDWI Kongresses bei einem Vortrag zum Thema \u201eDigitalisierung der Planung\u201c darauf hingewiesen, dass sich die wesentlichen Optimierungspotentiale f\u00fcr Planungsprozesse in Unternehmen aus der fehlenden Integration zwischen Teilpl\u00e4nen und der fehlenden Automatisierung ergeben.<\/p><p>Schaut man sich aktuelle Studien von Deloitte* und H\u00f2rvath &amp; Partner zum Thema \u201eDigitale Planung im Unternehmen\u201c an, so gewinnt man schnell den Eindruck, dass vielen Entscheidern zwar bewusst ist, welche Trends auf der Stra\u00dfe Richtung Digitalisierung in der Planung wichtig sind, dass aber eine gro\u00dfe Diskrepanz zwischen Anspruch und Wirklichkeit herrscht.<\/p><h2>Weg vom Silo \u2013 Hin zum Gesamtbild<\/h2><p>In diesem Artikel m\u00f6chte ich einen Trend in den Mittelpunkt stellen, der sowohl von Deloitte als auch von H\u00f2rvath &amp; Partner als zentral identifiziert wurde. Es ist der Trend &#8222;Weg vom Silo, hin zum Gesamtbild&#8220;. Die Ver\u00e4nderungen in der Planung im Rahmen der digitalen Transformation sind zwar augenscheinlich getrieben durch Ver\u00e4nderungen auf der technologischen Ebene, diese greifen aber nicht, wenn sie keine Entsprechung in den Planungsprozessen bzw. auf der Ebene der Organisation und der Unternehmenskultur finden. So wird es nicht funktionieren, Predictive Analytics mit automatisierten Vorschlagswerten f\u00fcr eine Forecast-Planung einzusetzen, wenn die beteiligten Abteilungen sich nicht damit auseinandergesetzt und darauf verst\u00e4ndigt haben, wie die automatisierten und die nicht-automatisierten Bestandteile des Prozesses ineinandergreifen.<\/p><p>Wenn wir uns die Ebene der Prozesse vornehmen, so meint dieser Trend \u201aWeg vom Silo, hin zum Gesamtbild\u2018 eine Integration von Absatz-, Material-, Produktions- und Finanzplanung. Das liest sich jetzt erst einmal sehr einfach, viele Unternehmen sind aber bei der Optimierung ihrer Planungsprozesse genau an dieser hohen H\u00fcrde gescheitert. Es f\u00e4ngt schon damit an, dass in den verschiedenen beteiligten Abteilungen mit ganz unterschiedlichen Planungsmodellen geplant wird. Die Unternehmen, die ein Projekt zur Vereinheitlichung und Integration des Planungsprozesses aufgesetzt haben, haben sich an dieser Stelle oft schon die Z\u00e4hne ausgebissen und sind an den Widerst\u00e4nden in den einzelnen Abteilungen gescheitert.<\/p><p>Die PIKON hat f\u00fcr diese Initialphase in Planungsprojekten ein eigenes Workshopkonzept entwickelt, um genau solchen Widerst\u00e4nden rechtzeitig zu begegnen und f\u00fcr das Projekt nutzbar zu machen. Dieses Konzept werden wir in einem Blogartikel im April vorstellen.<\/p><h2>PIKON-Referenzmodell f\u00fcr die integrierte Planung<\/h2><p>Grundlage f\u00fcr eine gemeinsame Sicht auf einen integrierten Planungsprozess kann zum Beispiel das PIKON-Referenzmodell f\u00fcr die integrierte Planung sein. Das Referenzmodell zeigt die Zusammenh\u00e4nge und Abh\u00e4ngigkeiten in einem komplexen Planungsprozess. Beispielsweise zwischen der Vertriebsplanung als zentralem Ausgangspunkt und der (automatisierten) Ableitung von Teilpl\u00e4nen f\u00fcr die Produktions-, Einkaufs- und die Personalplanung. Es zeigt auch die Abh\u00e4ngigkeiten zur Liquidit\u00e4ts- oder die Investitionsplanung. Das Modell dient als Referenz und als Ausgangspunkt f\u00fcr die Modellierung von unternehmensspezifischen integrierten Planungsprozessen.<\/p><h3>Grobdarstellung \u201eReferenzmodell\u201c<\/h3>\t\t\t\t\t\t\t\t<\/div>\n\t\t\t\t<\/div>\n\t\t\t\t<div class=\"elementor-element elementor-element-d9877c2 elementor-widget elementor-widget-image\" data-id=\"d9877c2\" data-element_type=\"widget\" data-e-type=\"widget\" data-widget_type=\"image.default\">\n\t\t\t\t<div class=\"elementor-widget-container\">\n\t\t\t\t\t\t\t\t\t\t\t\t\t\t\t<img fetchpriority=\"high\" decoding=\"async\" width=\"1024\" height=\"522\" src=\"https:\/\/www.pikon.com\/wp-content\/uploads\/2021\/03\/Grobmodell-Integrierte-Planung-1-1024x522.png\" class=\"attachment-large size-large wp-image-29681\" alt=\"\" srcset=\"https:\/\/www.pikon.com\/wp-content\/uploads\/2021\/03\/Grobmodell-Integrierte-Planung-1-1024x522.png 1024w, https:\/\/www.pikon.com\/wp-content\/uploads\/2021\/03\/Grobmodell-Integrierte-Planung-1-300x153.png 300w, https:\/\/www.pikon.com\/wp-content\/uploads\/2021\/03\/Grobmodell-Integrierte-Planung-1-768x392.png 768w, https:\/\/www.pikon.com\/wp-content\/uploads\/2021\/03\/Grobmodell-Integrierte-Planung-1.png 1118w\" sizes=\"(max-width: 1024px) 100vw, 1024px\" \/>\t\t\t\t\t\t\t\t\t\t\t\t\t\t\t<\/div>\n\t\t\t\t<\/div>\n\t\t\t\t<div class=\"elementor-element elementor-element-eed5a38 elementor-widget elementor-widget-text-editor\" data-id=\"eed5a38\" data-element_type=\"widget\" data-e-type=\"widget\" data-widget_type=\"text-editor.default\">\n\t\t\t\t<div class=\"elementor-widget-container\">\n\t\t\t\t\t\t\t\t\t<h2>Gemeinsame Basis f\u00fcr ein Projekt zur digitalen Planung<\/h2><p>Ist einmal der erste Schritt in Richtung integrierte Planung getan und hat man sich dann \u00fcber alle Abteilungsgrenzen hinweg hinsichtlich eines integrierten Planungsprozesses verst\u00e4ndigt, ist der n\u00e4chste Schritt dann wesentlich leichter. Jetzt kann man in die Diskussion einsteigen, wo sich die Planung automatisieren l\u00e4sst bzw. man durch den Einsatz von Simulationsfunktionen man noch besser werden kann in den Planungsentscheidungen.<\/p><p>Die PIKON begleitet sie auf diesem Weg mit einem abgestimmten Workshoppaket, dass so geschn\u00fcrt wird, dass ausgehend von der Ausgangssituation in Ihrem Unternehmen ein integrierter Planungsprozess entwickelt werden kann und dann eine Toolentscheidung getroffen werden kann, so dass sie den n\u00e4chsten Schritt in Richtung digitale Planung machen k\u00f6nnen:<\/p><h2>PIKON Workshop-Paket \u201eIntegrierte Planung mit xP&amp;A\u201c<\/h2><h3>Modul 1 \u2013 Der erste Schritt in Richtung xP&amp;A<\/h3><p>Wir schaffen ein gemeinsames Verst\u00e4ndnis bei allen Beteiligten, welcher Mehrwert f\u00fcr das Unternehmen in einer Optimierung des Planungsprozesses liegt.<\/p><p><strong>Inhalte:\u00a0<\/strong><\/p><ul><li>Was ist unsere Motivation, unser Treiber, uns Gedanken \u00fcber unseren Planungsprozess zu machen?<\/li><li>Gibt es neue Anforderungen, die mit aktuellen Tools umgesetzt werden sollen?<\/li><li>Oder sollen bestehende Applikationen optimiert und auf neue Tools umgesetzt werden?<\/li><li>Oder geht es grunds\u00e4tzlich um eine Planungsstrategie f\u00fcr die Zukunft?<\/li><li>Kennen Sie den Reifegrad Ihrer Unternehmensplanung?<\/li><\/ul><h3>Modul 2 \u2013 Von fragmentierter zu integrierter Planung mit xP&amp;A<\/h3><p>Wir schaffen ein gemeinsames Verst\u00e4ndnis f\u00fcr die Notwendigkeit eines integrierten Planungsprozesses. Dies beinhaltet in diesem Workshop vorrangig die betriebswirtschaftliche Komponente (Planungsmodell).<\/p><p>Im Rahmen des Workshops erarbeiten wir gemeinsam Antworten auf die folgenden Fragestellungen:<\/p><ul><li>Wer sind die Beteiligten an der Planung?<\/li><li>Wie sieht der Planungsprozess aus?<\/li><li>Was wird geplant?<\/li><li>Mit welchen Tools wird geplant?<\/li><\/ul><p>Auf Basis dieser Informationen k\u00f6nnen wir die Ist-Situation herausarbeiten und eventuell auch schon Optimierungspotentiale benennen. Von da ab ist es nur noch ein kleiner Schritt bis zur Definition der Soll-Situation.<\/p><h3>Modul 3 \u2013 xP&amp;A mit der passenden Toolstrategie umsetzen<\/h3><p>Wir zeigen Ihnen auf, wie Sie Ihren Planungsprozess auch technisch integrieren k\u00f6nnen. Am Ende des Workshops k\u00f6nnen Sie auf Basis der gesammelten Informationen einsch\u00e4tzen, welches Tool am Besten geeignet ist, Ihre Anforderungen an einen integrierten Planungsprozess abzubilden. Dies ist allerdings nur eine erste Einsch\u00e4tzung. F\u00fcr eine finale Toolentscheidung sind gegebenenfalls weitere Analysen\/Workshops notwendig.<\/p><p>Im Rahmen dieses\u00a0Workshops erarbeiten wir gemeinsam Antworten auf die folgenden Fragestellungen:<\/p><ul><li>Welche Personen und Abteilungen sind am Planungsprozess beteiligt und welche Anforderungen haben sie an ein xP&amp;A-Tool?<\/li><li>Wie einfach oder komplex ist der derzeitige Planungsprozess und seine Teilprozesse?<\/li><li>Welches Optimierungspotential bietet der Einsatz von xP&amp;A-Tools f\u00fcr eine zukunftsf\u00e4hige Planung?<\/li><\/ul><p>Gerne k\u00f6nnen Sie mir Ihre Fragen zum Thema digitale Planung \u00fcber die Kommentarfunktion am Ende des Blogartikels stellen.<\/p><p>*<a href=\"https:\/\/www.springerprofessional.de\/controlling-management-review-3-2020\/17908880\" target=\"_blank\" rel=\"noopener noreferrer\">Schwerpunkt Studie Deloitte und Hochschule Pforzheim, Artikel Controlling und Management Review, 03-2020<\/a><\/p>\t\t\t\t\t\t\t\t<\/div>\n\t\t\t\t<\/div>\n\t\t\t\t\t<\/div>\n\t\t<\/div>\n\t\t\t\t\t<\/div>\n\t\t<\/section>\n\t\t\t\t<section class=\"elementor-section elementor-top-section elementor-element elementor-element-bdcbfd9 elementor-section-height-min-height elementor-section-boxed elementor-section-height-default elementor-section-items-middle\" data-id=\"bdcbfd9\" data-element_type=\"section\" data-e-type=\"section\" data-settings=\"{&quot;background_background&quot;:&quot;classic&quot;}\">\n\t\t\t\t\t\t<div class=\"elementor-container elementor-column-gap-default\">\n\t\t\t\t\t<div class=\"elementor-column elementor-col-100 elementor-top-column elementor-element elementor-element-43c3100\" data-id=\"43c3100\" data-element_type=\"column\" data-e-type=\"column\" data-settings=\"{&quot;background_background&quot;:&quot;classic&quot;}\">\n\t\t\t<div class=\"elementor-widget-wrap elementor-element-populated\">\n\t\t\t\t\t\t<section class=\"elementor-section elementor-inner-section elementor-element elementor-element-91c8f6d elementor-section-height-min-height elementor-section-boxed elementor-section-height-default\" data-id=\"91c8f6d\" data-element_type=\"section\" data-e-type=\"section\" data-settings=\"{&quot;background_background&quot;:&quot;classic&quot;}\">\n\t\t\t\t\t\t<div class=\"elementor-container elementor-column-gap-default\">\n\t\t\t\t\t<div class=\"elementor-column elementor-col-50 elementor-inner-column elementor-element elementor-element-ae8f8ef\" data-id=\"ae8f8ef\" data-element_type=\"column\" data-e-type=\"column\" data-settings=\"{&quot;background_background&quot;:&quot;classic&quot;}\">\n\t\t\t<div class=\"elementor-widget-wrap elementor-element-populated\">\n\t\t\t\t\t\t<div class=\"elementor-element elementor-element-7f3e588 elementor-widget elementor-widget-heading\" data-id=\"7f3e588\" data-element_type=\"widget\" data-e-type=\"widget\" data-widget_type=\"heading.default\">\n\t\t\t\t<div class=\"elementor-widget-container\">\n\t\t\t\t\t<h2 class=\"elementor-heading-title elementor-size-default\">Unternehmensplanung - Workshop Angebote<\/h2>\t\t\t\t<\/div>\n\t\t\t\t<\/div>\n\t\t\t\t<div class=\"elementor-element elementor-element-c9c2243 elementor-widget elementor-widget-accordion\" data-id=\"c9c2243\" data-element_type=\"widget\" data-e-type=\"widget\" data-widget_type=\"accordion.default\">\n\t\t\t\t<div class=\"elementor-widget-container\">\n\t\t\t\t\t\t\t<div class=\"elementor-accordion\">\n\t\t\t\t\t\t\t<div class=\"elementor-accordion-item\">\n\t\t\t\t\t<div id=\"elementor-tab-title-2111\" class=\"elementor-tab-title\" data-tab=\"1\" role=\"button\" aria-controls=\"elementor-tab-content-2111\" aria-expanded=\"false\">\n\t\t\t\t\t\t\t\t\t\t\t\t\t<span class=\"elementor-accordion-icon elementor-accordion-icon-left\" aria-hidden=\"true\">\n\t\t\t\t\t\t\t\t\t\t\t\t\t\t\t<span class=\"elementor-accordion-icon-closed\"><i class=\"fas fa-plus\"><\/i><\/span>\n\t\t\t\t\t\t\t\t<span class=\"elementor-accordion-icon-opened\"><i class=\"fas fa-minus\"><\/i><\/span>\n\t\t\t\t\t\t\t\t\t\t\t\t\t\t<\/span>\n\t\t\t\t\t\t\t\t\t\t\t\t<a class=\"elementor-accordion-title\" tabindex=\"0\">Modul 1: Der erste Schritt in Richtung xP&A<\/a>\n\t\t\t\t\t<\/div>\n\t\t\t\t\t<div id=\"elementor-tab-content-2111\" class=\"elementor-tab-content elementor-clearfix\" data-tab=\"1\" role=\"region\" aria-labelledby=\"elementor-tab-title-2111\"><p>Sind Ihre Finanz-, Vertriebs- und operativen Planungen noch voneinander getrennt, wodurch es an Transparenz und Agilit\u00e4t fehlt? In diesem interaktiven Workshop messen wir den Reifegrad Ihrer Unternehmensplanung.<\/p><p>Dauer: 4-8 Std. Remote oder als Pr\u00e4senztermin<\/p><p><a class=\"cta-button\" href=\"https:\/\/www.pikon.com\/de\/doc\/planung-modul-1-erster-schritt-in-richtung-xpa\/\" target=\"_blank\" rel=\"noopener\">Mehr Details<\/a><\/p><\/div>\n\t\t\t\t<\/div>\n\t\t\t\t\t\t\t<div class=\"elementor-accordion-item\">\n\t\t\t\t\t<div id=\"elementor-tab-title-2112\" class=\"elementor-tab-title\" data-tab=\"2\" role=\"button\" aria-controls=\"elementor-tab-content-2112\" aria-expanded=\"false\">\n\t\t\t\t\t\t\t\t\t\t\t\t\t<span class=\"elementor-accordion-icon elementor-accordion-icon-left\" aria-hidden=\"true\">\n\t\t\t\t\t\t\t\t\t\t\t\t\t\t\t<span class=\"elementor-accordion-icon-closed\"><i class=\"fas fa-plus\"><\/i><\/span>\n\t\t\t\t\t\t\t\t<span class=\"elementor-accordion-icon-opened\"><i class=\"fas fa-minus\"><\/i><\/span>\n\t\t\t\t\t\t\t\t\t\t\t\t\t\t<\/span>\n\t\t\t\t\t\t\t\t\t\t\t\t<a class=\"elementor-accordion-title\" tabindex=\"0\">Modul 2: Von fragmentierter zu integrierter Planung mit xP&A<\/a>\n\t\t\t\t\t<\/div>\n\t\t\t\t\t<div id=\"elementor-tab-content-2112\" class=\"elementor-tab-content elementor-clearfix\" data-tab=\"2\" role=\"region\" aria-labelledby=\"elementor-tab-title-2112\"><p>Auf Basis einer ersten IST-Analyse entwickeln wir ein gemeinsames Verst\u00e4ndnis f\u00fcr die Notwendigkeit einer integrierten Unternehmensplanung und zeigen, wie Sie mit xP&amp;A eine zukunftssichere Planungsstrategie aufbauen.<\/p><p>Dauer: bis zu 8 Std. Remote oder als Pr\u00e4senztermin<\/p><p><a class=\"cta-button\" href=\"https:\/\/www.pikon.com\/de\/doc\/planung-modul-2-von-fragmentierter-zu-integrierter-planung-mit-xpa\/\" target=\"_blank\" rel=\"noopener\">Mehr Details<\/a><\/p><\/div>\n\t\t\t\t<\/div>\n\t\t\t\t\t\t\t<div class=\"elementor-accordion-item\">\n\t\t\t\t\t<div id=\"elementor-tab-title-2113\" class=\"elementor-tab-title\" data-tab=\"3\" role=\"button\" aria-controls=\"elementor-tab-content-2113\" aria-expanded=\"false\">\n\t\t\t\t\t\t\t\t\t\t\t\t\t<span class=\"elementor-accordion-icon elementor-accordion-icon-left\" aria-hidden=\"true\">\n\t\t\t\t\t\t\t\t\t\t\t\t\t\t\t<span class=\"elementor-accordion-icon-closed\"><i class=\"fas fa-plus\"><\/i><\/span>\n\t\t\t\t\t\t\t\t<span class=\"elementor-accordion-icon-opened\"><i class=\"fas fa-minus\"><\/i><\/span>\n\t\t\t\t\t\t\t\t\t\t\t\t\t\t<\/span>\n\t\t\t\t\t\t\t\t\t\t\t\t<a class=\"elementor-accordion-title\" tabindex=\"0\">Modul 3: xP&A mit der passenden Toolstrategie umsetzen<\/a>\n\t\t\t\t\t<\/div>\n\t\t\t\t\t<div id=\"elementor-tab-content-2113\" class=\"elementor-tab-content elementor-clearfix\" data-tab=\"3\" role=\"region\" aria-labelledby=\"elementor-tab-title-2113\"><p>Veraltete Systeme, manuelle Prozesse und Insell\u00f6sungen bremsen Ihre Planung aus? In diesem Workshop bringen wir Klarheit in den Dschungel der Planungstools und zeigen Ihnen, wie Sie Ihre xP&amp;A-Strategie technologisch optimal umsetzen.<\/p><p>Dauer: 8 Std. Remote oder als Pr\u00e4senztermin<\/p><p><a class=\"cta-button\" href=\"https:\/\/www.pikon.com\/de\/doc\/planung-modul-3-xpa-mit-der-passenden-toolstrategie-umsetzen\/\" target=\"_blank\" rel=\"noopener\">Mehr Details<\/a><\/p><\/div>\n\t\t\t\t<\/div>\n\t\t\t\t\t\t\t\t<\/div>\n\t\t\t\t\t\t<\/div>\n\t\t\t\t<\/div>\n\t\t\t\t\t<\/div>\n\t\t<\/div>\n\t\t\t\t<div class=\"elementor-column elementor-col-50 elementor-inner-column elementor-element elementor-element-553d79c\" data-id=\"553d79c\" data-element_type=\"column\" data-e-type=\"column\" data-settings=\"{&quot;background_background&quot;:&quot;classic&quot;}\">\n\t\t\t<div class=\"elementor-widget-wrap\">\n\t\t\t\t\t\t\t<\/div>\n\t\t<\/div>\n\t\t\t\t\t<\/div>\n\t\t<\/section>\n\t\t\t\t\t<\/div>\n\t\t<\/div>\n\t\t\t\t\t<\/div>\n\t\t<\/section>\n\t\t\t\t<section class=\"elementor-section elementor-top-section elementor-element elementor-element-8036b4a elementor-section-boxed elementor-section-height-default elementor-section-height-default\" data-id=\"8036b4a\" data-element_type=\"section\" data-e-type=\"section\">\n\t\t\t\t\t\t<div class=\"elementor-container elementor-column-gap-default\">\n\t\t\t\t\t<div class=\"elementor-column elementor-col-100 elementor-top-column elementor-element elementor-element-18a0362\" data-id=\"18a0362\" data-element_type=\"column\" data-e-type=\"column\">\n\t\t\t<div class=\"elementor-widget-wrap elementor-element-populated\">\n\t\t\t\t\t\t<div class=\"elementor-element elementor-element-e9463a2 elementor-widget elementor-widget-spacer\" data-id=\"e9463a2\" data-element_type=\"widget\" data-e-type=\"widget\" data-widget_type=\"spacer.default\">\n\t\t\t\t<div class=\"elementor-widget-container\">\n\t\t\t\t\t\t\t<div class=\"elementor-spacer\">\n\t\t\t<div class=\"elementor-spacer-inner\"><\/div>\n\t\t<\/div>\n\t\t\t\t\t\t<\/div>\n\t\t\t\t<\/div>\n\t\t\t\t\t<\/div>\n\t\t<\/div>\n\t\t\t\t\t<\/div>\n\t\t<\/section>\n\t\t\t\t<\/div>\n\t\t","protected":false},"excerpt":{"rendered":"<p>Wie kann ich die L\u00fccke zwischen Anspruch und Wirklichkeit schlie\u00dfen?<\/p>\n","protected":false},"author":44,"featured_media":5667,"comment_status":"open","ping_status":"open","sticky":false,"template":"","format":"standard","meta":{"_acf_changed":false,"footnotes":""},"categories":[400,330,411],"tags":[290,419,242],"class_list":["post-29256","post","type-post","status-publish","format-standard","has-post-thumbnail","hentry","category-alle-beitraege","category-bwl","category-it","tag-analytics-de","tag-digitale-transformation","tag-planung","no-featured-image-padding"],"acf":[],"yoast_head":"<!-- This site is optimized with the Yoast SEO plugin v28.4 - https:\/\/yoast.com\/product\/yoast-seo-wordpress\/ -->\n<title>Digitale Planung im Unternehmen - PIKON SAP Beratung<\/title>\n<meta name=\"description\" content=\"Nur wenn der Planungsprozess \u00fcber Abteilungsgrenzen hinweg stattfindet, kann die digitale Planung den gew\u00fcnschten Erfolg bringen.\" \/>\n<meta name=\"robots\" content=\"index, follow, max-snippet:-1, max-image-preview:large, max-video-preview:-1\" \/>\n<link rel=\"canonical\" href=\"https:\/\/www.pikon.com\/de\/blog\/digitale-planung-im-unternehmen\/\" \/>\n<meta property=\"og:locale\" content=\"de_DE\" \/>\n<meta property=\"og:type\" content=\"article\" \/>\n<meta property=\"og:title\" content=\"Digitale Planung im Unternehmen - PIKON SAP Beratung\" \/>\n<meta property=\"og:description\" content=\"Nur wenn der Planungsprozess \u00fcber Abteilungsgrenzen hinweg stattfindet, kann die digitale Planung den gew\u00fcnschten Erfolg bringen.\" \/>\n<meta property=\"og:url\" content=\"https:\/\/www.pikon.com\/de\/blog\/digitale-planung-im-unternehmen\/\" \/>\n<meta property=\"og:site_name\" content=\"PIKON SAP Beratung\" \/>\n<meta property=\"article:published_time\" content=\"2021-03-02T22:43:02+00:00\" \/>\n<meta property=\"article:modified_time\" content=\"2025-04-15T13:31:57+00:00\" \/>\n<meta property=\"og:image\" content=\"https:\/\/www.pikon.com\/wp-content\/uploads\/2016\/05\/TDWI_Konferenz.jpg\" \/>\n\t<meta property=\"og:image:width\" content=\"969\" \/>\n\t<meta property=\"og:image:height\" content=\"384\" \/>\n\t<meta property=\"og:image:type\" content=\"image\/jpeg\" \/>\n<meta name=\"author\" content=\"Martina Ksinsik\" \/>\n<meta name=\"twitter:card\" content=\"summary_large_image\" \/>\n<!-- \/ Yoast SEO plugin. -->","yoast_head_json":{"title":"Digitale Planung im Unternehmen - PIKON SAP Beratung","description":"Nur wenn der Planungsprozess \u00fcber Abteilungsgrenzen hinweg stattfindet, kann die digitale Planung den gew\u00fcnschten Erfolg bringen.","robots":{"index":"index","follow":"follow","max-snippet":"max-snippet:-1","max-image-preview":"max-image-preview:large","max-video-preview":"max-video-preview:-1"},"canonical":"https:\/\/www.pikon.com\/de\/blog\/digitale-planung-im-unternehmen\/","og_locale":"de_DE","og_type":"article","og_title":"Digitale Planung im Unternehmen - PIKON SAP Beratung","og_description":"Nur wenn der Planungsprozess \u00fcber Abteilungsgrenzen hinweg stattfindet, kann die digitale Planung den gew\u00fcnschten Erfolg bringen.","og_url":"https:\/\/www.pikon.com\/de\/blog\/digitale-planung-im-unternehmen\/","og_site_name":"PIKON SAP Beratung","article_published_time":"2021-03-02T22:43:02+00:00","article_modified_time":"2025-04-15T13:31:57+00:00","og_image":[{"width":969,"height":384,"url":"https:\/\/www.pikon.com\/wp-content\/uploads\/2016\/05\/TDWI_Konferenz.jpg","type":"image\/jpeg"}],"author":"Martina Ksinsik","twitter_card":"summary_large_image","schema":{"@context":"https:\/\/schema.org","@graph":[{"@type":"Article","@id":"https:\/\/www.pikon.com\/de\/blog\/digitale-planung-im-unternehmen\/#article","isPartOf":{"@id":"https:\/\/www.pikon.com\/de\/blog\/digitale-planung-im-unternehmen\/"},"author":{"name":"Martina Ksinsik","@id":"https:\/\/www.pikon.com\/de\/#\/schema\/person\/b2b29d977c25e5fef3ce6831d0978228"},"headline":"Digitale Planung im Unternehmen","datePublished":"2021-03-02T22:43:02+00:00","dateModified":"2025-04-15T13:31:57+00:00","mainEntityOfPage":{"@id":"https:\/\/www.pikon.com\/de\/blog\/digitale-planung-im-unternehmen\/"},"wordCount":1097,"commentCount":0,"publisher":{"@id":"https:\/\/www.pikon.com\/de\/#organization"},"image":{"@id":"https:\/\/www.pikon.com\/de\/blog\/digitale-planung-im-unternehmen\/#primaryimage"},"thumbnailUrl":"https:\/\/www.pikon.com\/wp-content\/uploads\/2016\/05\/TDWI_Konferenz.jpg","keywords":["Analytics","Digitale Transformation","Planung"],"articleSection":["Alle Beitr\u00e4ge","BWL","IT"],"inLanguage":"de","potentialAction":[{"@type":"CommentAction","name":"Comment","target":["https:\/\/www.pikon.com\/de\/blog\/digitale-planung-im-unternehmen\/#respond"]}]},{"@type":"WebPage","@id":"https:\/\/www.pikon.com\/de\/blog\/digitale-planung-im-unternehmen\/","url":"https:\/\/www.pikon.com\/de\/blog\/digitale-planung-im-unternehmen\/","name":"Digitale Planung im Unternehmen - PIKON SAP Beratung","isPartOf":{"@id":"https:\/\/www.pikon.com\/de\/#website"},"primaryImageOfPage":{"@id":"https:\/\/www.pikon.com\/de\/blog\/digitale-planung-im-unternehmen\/#primaryimage"},"image":{"@id":"https:\/\/www.pikon.com\/de\/blog\/digitale-planung-im-unternehmen\/#primaryimage"},"thumbnailUrl":"https:\/\/www.pikon.com\/wp-content\/uploads\/2016\/05\/TDWI_Konferenz.jpg","datePublished":"2021-03-02T22:43:02+00:00","dateModified":"2025-04-15T13:31:57+00:00","description":"Nur wenn der Planungsprozess \u00fcber Abteilungsgrenzen hinweg stattfindet, kann die digitale Planung den gew\u00fcnschten Erfolg bringen.","breadcrumb":{"@id":"https:\/\/www.pikon.com\/de\/blog\/digitale-planung-im-unternehmen\/#breadcrumb"},"inLanguage":"de","potentialAction":[{"@type":"ReadAction","target":["https:\/\/www.pikon.com\/de\/blog\/digitale-planung-im-unternehmen\/"]}]},{"@type":"ImageObject","inLanguage":"de","@id":"https:\/\/www.pikon.com\/de\/blog\/digitale-planung-im-unternehmen\/#primaryimage","url":"https:\/\/www.pikon.com\/wp-content\/uploads\/2016\/05\/TDWI_Konferenz.jpg","contentUrl":"https:\/\/www.pikon.com\/wp-content\/uploads\/2016\/05\/TDWI_Konferenz.jpg","width":969,"height":384,"caption":"Schlie\u00dfend Sie die L\u00fccke zwischen Anspruch und Wirklichkeit bei der Digitalen Planung"},{"@type":"BreadcrumbList","@id":"https:\/\/www.pikon.com\/de\/blog\/digitale-planung-im-unternehmen\/#breadcrumb","itemListElement":[{"@type":"ListItem","position":1,"name":"Home","item":"https:\/\/www.pikon.com\/de\/"},{"@type":"ListItem","position":2,"name":"Digitale Planung im Unternehmen"}]},{"@type":"WebSite","@id":"https:\/\/www.pikon.com\/de\/#website","url":"https:\/\/www.pikon.com\/de\/","name":"PIKON SAP Beratung","description":"SAP Beratung, SAP ERP Beratung, SAP Unternehmensberatung, SAP Softwareentwicklung, SAP Releasewechsel, SAP Partner, SAP Projekte, SAP Entwicklung, Einf\u00fchrung SAP ERP, Einf\u00fchrung SAP BI, ABAP Programmierung, SAP RollOut, SAP Schulung, SAP Hilfe, SAP Projektmanagement, Non Conformance Costs, NCC, HANA, Performance, Reporting, Business Intelligence, Customer Development, Change Management","publisher":{"@id":"https:\/\/www.pikon.com\/de\/#organization"},"potentialAction":[{"@type":"SearchAction","target":{"@type":"EntryPoint","urlTemplate":"https:\/\/www.pikon.com\/de\/?s={search_term_string}"},"query-input":{"@type":"PropertyValueSpecification","valueRequired":true,"valueName":"search_term_string"}}],"inLanguage":"de"},{"@type":"Organization","@id":"https:\/\/www.pikon.com\/de\/#organization","name":"PIKON","url":"https:\/\/www.pikon.com\/de\/","logo":{"@type":"ImageObject","inLanguage":"de","@id":"https:\/\/www.pikon.com\/de\/#\/schema\/logo\/image\/","url":"https:\/\/www.pikon.com\/wp-content\/uploads\/2016\/07\/PIKON_Logo_NET_RGB.png","contentUrl":"https:\/\/www.pikon.com\/wp-content\/uploads\/2016\/07\/PIKON_Logo_NET_RGB.png","width":1810,"height":489,"caption":"PIKON"},"image":{"@id":"https:\/\/www.pikon.com\/de\/#\/schema\/logo\/image\/"}},{"@type":"Person","@id":"https:\/\/www.pikon.com\/de\/#\/schema\/person\/b2b29d977c25e5fef3ce6831d0978228","name":"Martina Ksinsik","image":{"@type":"ImageObject","inLanguage":"de","@id":"https:\/\/www.pikon.com\/wp-content\/uploads\/2023\/03\/Martina_klein-1-150x150.jpg","url":"https:\/\/www.pikon.com\/wp-content\/uploads\/2023\/03\/Martina_klein-1-150x150.jpg","contentUrl":"https:\/\/www.pikon.com\/wp-content\/uploads\/2023\/03\/Martina_klein-1-150x150.jpg","caption":"Martina Ksinsik"},"description":"Test","url":"https:\/\/www.pikon.com\/de\/blog\/author\/martina-ksinsik\/"}]}},"_links":{"self":[{"href":"https:\/\/www.pikon.com\/de\/wp-json\/wp\/v2\/posts\/29256","targetHints":{"allow":["GET"]}}],"collection":[{"href":"https:\/\/www.pikon.com\/de\/wp-json\/wp\/v2\/posts"}],"about":[{"href":"https:\/\/www.pikon.com\/de\/wp-json\/wp\/v2\/types\/post"}],"author":[{"embeddable":true,"href":"https:\/\/www.pikon.com\/de\/wp-json\/wp\/v2\/users\/44"}],"replies":[{"embeddable":true,"href":"https:\/\/www.pikon.com\/de\/wp-json\/wp\/v2\/comments?post=29256"}],"version-history":[{"count":20,"href":"https:\/\/www.pikon.com\/de\/wp-json\/wp\/v2\/posts\/29256\/revisions"}],"predecessor-version":[{"id":93521,"href":"https:\/\/www.pikon.com\/de\/wp-json\/wp\/v2\/posts\/29256\/revisions\/93521"}],"wp:featuredmedia":[{"embeddable":true,"href":"https:\/\/www.pikon.com\/de\/wp-json\/wp\/v2\/media\/5667"}],"wp:attachment":[{"href":"https:\/\/www.pikon.com\/de\/wp-json\/wp\/v2\/media?parent=29256"}],"wp:term":[{"taxonomy":"category","embeddable":true,"href":"https:\/\/www.pikon.com\/de\/wp-json\/wp\/v2\/categories?post=29256"},{"taxonomy":"post_tag","embeddable":true,"href":"https:\/\/www.pikon.com\/de\/wp-json\/wp\/v2\/tags?post=29256"}],"curies":[{"name":"wp","href":"https:\/\/api.w.org\/{rel}","templated":true}]}}