{"id":63382,"date":"2026-06-22T08:33:46","date_gmt":"2026-06-22T06:33:46","guid":{"rendered":"https:\/\/www.pikon.com\/?p=63382"},"modified":"2026-06-22T11:29:35","modified_gmt":"2026-06-22T09:29:35","slug":"crea-y-crece-spanien-b2b-einvoicing-mit-sap","status":"publish","type":"post","link":"https:\/\/www.pikon.com\/de\/blog\/crea-y-crece-spanien-b2b-einvoicing-mit-sap\/","title":{"rendered":"\u201eCrea y Crece\u201c Spanien: Verpflichtung zur e-Rechnung f\u00fcr 2027\u20132028"},"content":{"rendered":"\t\t<div data-elementor-type=\"wp-post\" data-elementor-id=\"63382\" class=\"elementor elementor-63382 elementor-63134\" data-elementor-settings=\"{&quot;element_pack_global_tooltip_width&quot;:{&quot;unit&quot;:&quot;px&quot;,&quot;size&quot;:&quot;&quot;,&quot;sizes&quot;:[]},&quot;element_pack_global_tooltip_width_tablet&quot;:{&quot;unit&quot;:&quot;px&quot;,&quot;size&quot;:&quot;&quot;,&quot;sizes&quot;:[]},&quot;element_pack_global_tooltip_width_mobile&quot;:{&quot;unit&quot;:&quot;px&quot;,&quot;size&quot;:&quot;&quot;,&quot;sizes&quot;:[]},&quot;element_pack_global_tooltip_padding&quot;:{&quot;unit&quot;:&quot;px&quot;,&quot;top&quot;:&quot;&quot;,&quot;right&quot;:&quot;&quot;,&quot;bottom&quot;:&quot;&quot;,&quot;left&quot;:&quot;&quot;,&quot;isLinked&quot;:true},&quot;element_pack_global_tooltip_padding_tablet&quot;:{&quot;unit&quot;:&quot;px&quot;,&quot;top&quot;:&quot;&quot;,&quot;right&quot;:&quot;&quot;,&quot;bottom&quot;:&quot;&quot;,&quot;left&quot;:&quot;&quot;,&quot;isLinked&quot;:true},&quot;element_pack_global_tooltip_padding_mobile&quot;:{&quot;unit&quot;:&quot;px&quot;,&quot;top&quot;:&quot;&quot;,&quot;right&quot;:&quot;&quot;,&quot;bottom&quot;:&quot;&quot;,&quot;left&quot;:&quot;&quot;,&quot;isLinked&quot;:true},&quot;element_pack_global_tooltip_border_radius&quot;:{&quot;unit&quot;:&quot;px&quot;,&quot;top&quot;:&quot;&quot;,&quot;right&quot;:&quot;&quot;,&quot;bottom&quot;:&quot;&quot;,&quot;left&quot;:&quot;&quot;,&quot;isLinked&quot;:true},&quot;element_pack_global_tooltip_border_radius_tablet&quot;:{&quot;unit&quot;:&quot;px&quot;,&quot;top&quot;:&quot;&quot;,&quot;right&quot;:&quot;&quot;,&quot;bottom&quot;:&quot;&quot;,&quot;left&quot;:&quot;&quot;,&quot;isLinked&quot;:true},&quot;element_pack_global_tooltip_border_radius_mobile&quot;:{&quot;unit&quot;:&quot;px&quot;,&quot;top&quot;:&quot;&quot;,&quot;right&quot;:&quot;&quot;,&quot;bottom&quot;:&quot;&quot;,&quot;left&quot;:&quot;&quot;,&quot;isLinked&quot;:true}}\" data-elementor-post-type=\"post\">\n\t\t\t\t\t\t<section class=\"elementor-section elementor-top-section elementor-element elementor-element-41331ae elementor-section-boxed elementor-section-height-default elementor-section-height-default\" data-id=\"41331ae\" data-element_type=\"section\" data-e-type=\"section\">\n\t\t\t\t\t\t<div class=\"elementor-container elementor-column-gap-default\">\n\t\t\t\t\t<div class=\"elementor-column elementor-col-100 elementor-top-column elementor-element elementor-element-aa2594a\" data-id=\"aa2594a\" data-element_type=\"column\" data-e-type=\"column\">\n\t\t\t<div class=\"elementor-widget-wrap elementor-element-populated\">\n\t\t\t\t\t\t<div class=\"elementor-element elementor-element-faf4266 elementor-widget elementor-widget-heading\" data-id=\"faf4266\" data-element_type=\"widget\" data-e-type=\"widget\" data-widget_type=\"heading.default\">\n\t\t\t\t<div class=\"elementor-widget-container\">\n\t\t\t\t\t<h2 class=\"elementor-heading-title elementor-size-default\">Aktuelles zum Mandat<\/h2>\t\t\t\t<\/div>\n\t\t\t\t<\/div>\n\t\t\t\t<div class=\"elementor-element elementor-element-0c7884b elementor-widget elementor-widget-text-editor\" data-id=\"0c7884b\" data-element_type=\"widget\" data-e-type=\"widget\" data-widget_type=\"text-editor.default\">\n\t\t\t\t<div class=\"elementor-widget-container\">\n\t\t\t\t\t\t\t\t\t<p>Am 24. M\u00e4rz 2026 verabschiedete der spanische Ministerrat ein K\u00f6nigliches Dekret zur Einf\u00fchrung der verpflichtenden strukturierten elektronischen Rechnungsstellung im Rahmen des Programms \u201eCrea y Crece\u201c. Dies ist ein bedeutender Schritt in Richtung digitaler Steuerkonformit\u00e4t und Echtzeit-Meldungen in Spanien.<\/p><p>Die Verordnung soll schrittweise umgesetzt werden, ausgel\u00f6st durch einen in K\u00fcrze erscheinenden Ministerialerlass:<\/p><ul><li><strong>12 Monate nach dem Ministerialerlass:<\/strong> Obligatorische elektronische Rechnungsstellung f\u00fcr gro\u00dfe Unternehmen mit einem Jahresumsatz von mehr als 8 Millionen Euro<\/li><li><strong>24 Monate nach dem Ministerialerlass:<\/strong> Obligatorische elektronische Rechnungsstellung f\u00fcr alle \u00fcbrigen Steuerzahler<\/li><\/ul><p>Die Einf\u00fchrung der E-Rechnungspflicht in Spanien soll nach aktuellem Stand gem\u00e4\u00df folgendem Zeitplan erfolgen:<\/p><ul><li data-section-id=\"1nkisye\" data-start=\"619\" data-end=\"667\"><strong data-start=\"621\" data-end=\"638\">Oktober 2026:<\/strong> Inkrafttreten der Verordnung<\/li><li data-section-id=\"fighxe\" data-start=\"668\" data-end=\"733\"><strong data-start=\"670\" data-end=\"686\">August 2027:<\/strong> Go-Live der \u00f6ffentlichen E-Invoicing-Plattform<\/li><li data-section-id=\"n7ftj3\" data-start=\"734\" data-end=\"861\"><strong data-start=\"736\" data-end=\"753\">Oktober 2027:<\/strong> Verpflichtende Nutzung von E-Invoicing f\u00fcr Unternehmen mit einem Jahresumsatz von mehr als 8 Millionen Euro<\/li><li data-section-id=\"15fb70k\" data-start=\"862\" data-end=\"941\"><strong data-start=\"864\" data-end=\"881\">Oktober 2028:<\/strong> Verpflichtende Nutzung von E-Invoicing f\u00fcr alle Unternehmen<\/li><\/ul><p>In den ersten 12 Monaten m\u00fcssen Aussteller von elektronischen Rechnungen ihren elektronischen Rechnungen eine PDF-\u00dcbersetzung beif\u00fcgen, f\u00fcr diejenigen Empf\u00e4nger, f\u00fcr die noch keine Verpflichtung besteht.<\/p>\t\t\t\t\t\t\t\t<\/div>\n\t\t\t\t<\/div>\n\t\t\t\t<div class=\"elementor-element elementor-element-1beca54 elementor-widget elementor-widget-heading\" data-id=\"1beca54\" data-element_type=\"widget\" data-e-type=\"widget\" data-widget_type=\"heading.default\">\n\t\t\t\t<div class=\"elementor-widget-container\">\n\t\t\t\t\t<h2 class=\"elementor-heading-title elementor-size-default\">Die spanischen B2B-Anforderungen<\/h2>\t\t\t\t<\/div>\n\t\t\t\t<\/div>\n\t\t\t\t<div class=\"elementor-element elementor-element-b57f2ed elementor-widget elementor-widget-text-editor\" data-id=\"b57f2ed\" data-element_type=\"widget\" data-e-type=\"widget\" data-widget_type=\"text-editor.default\">\n\t\t\t\t<div class=\"elementor-widget-container\">\n\t\t\t\t\t\t\t\t\t<p>Im September 2022 ver\u00f6ffentlichte die spanische Regierung das Gesetz \u201eCrea y Crece\u201c und unternahm damit erste Schritte in Richtung einer Verpflichtung zur elektronischen Rechnungsstellung im B2B-Bereich. In seiner derzeitigen Form wird \u201eCrea y Crece\u201c parallel zu den <strong>SII- und<\/strong> <strong>VERI*FACTU<\/strong>-Grunds\u00e4tzen bestehen, nach denen spanische Unternehmen seit 2017 mehrwertsteuerrelevante Informationen an ihre Regierung melden. Im Folgenden berichten wir kurz dar\u00fcber, was derzeit \u00fcber die neuen \u201eCrea y Crece\u201c-Anforderungen bekannt ist und was SAP anbieten wird, um diese zu erf\u00fcllen.<\/p><p>Als Vorreiter in Europa betrat Spanien 2017 mit der Einf\u00fchrung des Prinzips des &#8222;Suministro Inmediato de Informaci\u00f3n del IVA&#8220; (SII) den bisher haupts\u00e4chlich von Lateinamerika dominierten Bereich der eDocuments. SII ist ein elektronisches B2G-Meldesystem in nahezu Echtzeit, das die elektronische \u00dcbermittlung aller mehrwertsteuerrelevanten Informationen aus B2B-Transaktionen an die spanischen Steuerbeh\u00f6rden (&#8222;Agencia Estatal de Administraci\u00f3n Tributaria&#8220; oder AEAT) regelt. Der Hauptzweck besteht darin, ein Instrument im Kampf gegen die Steuerhinterziehung in Spanien zu haben. Neben der zus\u00e4tzlichen Kontrolle f\u00fcr die spanische Regierung zielt SII jedoch auch darauf ab, den spanischen Unternehmen zu helfen, ihre Daten f\u00fcr die Mehrwertsteuererkl\u00e4rungen schneller und pr\u00e4ziser zu erhalten und etwaige Erstattungsverfahren zu beschleunigen. Weitere Informationen zu SII und der L\u00f6sung von SAP f\u00fcr SII-Anforderungen finden Sie in unserem fr\u00fcheren Blogartikel: <a href=\"https:\/\/www.pikon.com\/de\/blog\/sii-spanien\/\">SII Spanien: Umsatzsteuermeldung mit SAP Document Compliance<\/a><\/p><p>Im September 2022 hat Spanien den Digitalisierungsprozess beschleunigt. Mit dem Gesetz &#8222;Crea y Crece&#8220; (\u201eSchaffe und Wachse\u201c, Gr\u00fcndung und Wachstum von Unternehmen) schreiben die spanischen Beh\u00f6rden die Verwendung elektronischer Rechnungen bei allen Transaktionen von Unternehmen und Freiberuflern vor. Das neue Gesetz soll nicht nur die Digitalisierung Spaniens beschleunigen, sondern auch die Transparenz f\u00fcr Staat und Unternehmen erh\u00f6hen und das Wachstum durch die Vermeidung von Zahlungsverzug und unn\u00f6tigen Transaktionskosten f\u00f6rdern. Im Gegensatz zu SII, das nur f\u00fcr bestimmte Arten von Unternehmen galt (gro\u00dfe Unternehmen, Firmengruppen, die der besonderen MWSt.-Regelung unterliegen oder im REDEME-Register eingetragen sind), richtet sich &#8222;Crea y Crece&#8220; an <strong>alle<\/strong> spanischen Unternehmen und Freiberufler. Es wird schrittweise, zun\u00e4chst f\u00fcr gro\u00dfe Steuerzahler (Jahresumsatz von \u00fcber 8 Millionen Euro) <strong>in 2027<\/strong>, dann f\u00fcr die breite \u00d6ffentlichkeit (voraussichtlich 2026) eingef\u00fchrt. W\u00e4hrend SII seine Zielbelegarten in Form von \u201eB\u00fcchern\u201c darstellt (z. B. \u201eLFRE\u201c \u2013 Buch der ausgehenden Rechnungen, \u201eLRFR\u201c \u2013 Buch der eingehenden Rechnungen), fallen unter die neuen Anforderungen an die elektronische Rechnungsstellung zun\u00e4chst alle B2B-Rechnungen, wobei nur bestimmte F\u00e4lle wie nicht ans\u00e4ssige Unternehmen, Auslandsgesch\u00e4fte oder vereinfachte Rechnungen ausgenommen sind. B2C-Transaktionen sind ebenfalls ausgeschlossen.<\/p><p>Im Wesentlichen l\u00e4uft es darauf hinaus, dass alle spanischen Unternehmen mit einer festen Niederlassung ab Mitte 2024 in der Lage sein m\u00fcssen, elektronische Rechnungen f\u00fcr ihre inl\u00e4ndischen B2B-Transaktionen auszustellen, zu empfangen und nachzuverfolgen. Aus ersten Quellen wird jedoch die obligatorische Einbindung eines QR-Codes in die elektronische Rechnung sowie eine Aufbewahrungspflicht von mindestens drei Jahren erw\u00e4hnt. Zu diesem Zweck d\u00fcrfen gem\u00e4\u00df dem neuesten Entwurf des K\u00f6niglichen Dekrets vier Syntaxen des semantischen Modells EN 16931 verwendet werden: CII, UBL, EDIFACT und Facturae (spanisches Format, das in Spanien haupts\u00e4chlich f\u00fcr die B2G-E-Rechnungsstellung verwendet wird). QR-Codes und digitale Signaturen werden erforderlich sein. F\u00fcr die \u00dcbermittlung von E-Rechnungen werden zwei Kan\u00e4le angeboten: akkreditierte private Plattformen, die untereinander frei interoperabel sein m\u00fcssen, und eine kostenlose \u00f6ffentliche L\u00f6sung, die von der spanischen Steuerbeh\u00f6rde AEAT betrieben wird. Steuerzahler k\u00f6nnen einen oder beide Kan\u00e4le nutzen, m\u00fcssen jedoch in jedem Fall eine originalgetreue UBL-Kopie jeder Rechnung an die \u00f6ffentliche L\u00f6sung senden. Die Betreiber privater Plattformen m\u00fcssen in der Lage sein, elektronische Rechnungen zwischen allen vier unterst\u00fctzten Formaten zu konvertieren und dabei die Integrit\u00e4t des Rechnungsinhalts zu gew\u00e4hrleisten. Rechnungsdaten m\u00fcssen innerhalb von vier Tagen nach der Transaktion an die AEAT \u00fcbermittelt werden.<\/p><p>Die \u00f6ffentliche Plattform der AEAT wird sowohl als Archiv als auch als Instrument zur Zahlungs\u00fcberwachung dienen. Um den letztgenannten Zweck zu erf\u00fcllen \u2013 n\u00e4mlich nicht nur den Rechnungsaustausch, sondern den gesamten Rechnungslebenszyklus abzudecken \u2013, sind sowohl Lieferanten als auch Kunden verpflichtet, Statusaktualisierungen zu Rechnungen (z. B. Annahme oder Ablehnung der Handelsrechnung, Datum der vollst\u00e4ndigen Zahlung) innerhalb von vier Kalendertagen nach Eintreten des Ereignisses elektronisch an die \u00f6ffentliche Plattform zu \u00fcbermitteln.<\/p><p>Wir werden diesen Blogartikel aktualisieren, sobald neue rechtlichen Anforderungen ver\u00f6ffentlicht werden.<\/p>\t\t\t\t\t\t\t\t<\/div>\n\t\t\t\t<\/div>\n\t\t\t\t<div class=\"elementor-element elementor-element-918b448 elementor-widget elementor-widget-heading\" data-id=\"918b448\" data-element_type=\"widget\" data-e-type=\"widget\" data-widget_type=\"heading.default\">\n\t\t\t\t<div class=\"elementor-widget-container\">\n\t\t\t\t\t<h2 class=\"elementor-heading-title elementor-size-default\">Welche SAP-L\u00f6sung ist zu erwarten?<\/h2>\t\t\t\t<\/div>\n\t\t\t\t<\/div>\n\t\t\t\t<div class=\"elementor-element elementor-element-34d6e9d elementor-widget elementor-widget-text-editor\" data-id=\"34d6e9d\" data-element_type=\"widget\" data-e-type=\"widget\" data-widget_type=\"text-editor.default\">\n\t\t\t\t<div class=\"elementor-widget-container\">\n\t\t\t\t\t\t\t\t\t<p>SAP hat bereits angek\u00fcndigt, dass sie eine L\u00f6sung zur Verf\u00fcgung stellen werden, obwohl das Ver\u00f6ffentlichungsdatum noch nicht bekannt gegeben wurde. Es ist jedoch davon auszugehen, dass SAP, \u00e4hnlich wie bei der L\u00f6sung f\u00fcr SII Spanien, Document &amp; Reporting Compliance f\u00fcr die B2B eInvoicing-Anforderungen des Landes nutzen wird. SAP Document &amp; Reporting Compliance ist eine integrierte SAP-Gesamtl\u00f6sung, die eine langfristige End-to-End-Compliance mit verschiedenen l\u00e4nderspezifischen gesetzlichen Anforderungen in der ganzen Welt anstrebt (z.B. SII Spanien, SDI Italien, CFDI Mexiko, RTIR und EKAER Ungarn). Mit SAP Document &amp; Reporting Compliance und dem SAP eDocument Cockpit werden die von den Beh\u00f6rden geforderten Dateien automatisch aus den Quellinformationen in Ihrem System erzeugt. \u00dcber das eDocument Cockpit k\u00f6nnen Sie die eRechnungen einfach an die Beh\u00f6rden und Kunden \u00fcbermitteln und deren Status verfolgen.<\/p><p>Wir aktualisieren diesen Blog-Beitrag, sobald weitere Informationen \u00fcber die geplante L\u00f6sung von SAP verf\u00fcgbar sind.<\/p>\t\t\t\t\t\t\t\t<\/div>\n\t\t\t\t<\/div>\n\t\t\t\t\t<\/div>\n\t\t<\/div>\n\t\t\t\t\t<\/div>\n\t\t<\/section>\n\t\t\t\t<section class=\"elementor-section elementor-top-section elementor-element elementor-element-f79cad2 elementor-section-height-min-height elementor-section-boxed elementor-section-height-default elementor-section-items-middle\" data-id=\"f79cad2\" data-element_type=\"section\" data-e-type=\"section\">\n\t\t\t\t\t\t<div class=\"elementor-container elementor-column-gap-default\">\n\t\t\t\t\t<div class=\"elementor-column elementor-col-100 elementor-top-column elementor-element elementor-element-0a2a241\" data-id=\"0a2a241\" data-element_type=\"column\" data-e-type=\"column\" data-settings=\"{&quot;background_background&quot;:&quot;classic&quot;}\">\n\t\t\t<div class=\"elementor-widget-wrap elementor-element-populated\">\n\t\t\t\t\t\t<section class=\"elementor-section elementor-inner-section elementor-element elementor-element-c875041 elementor-section-boxed elementor-section-height-default elementor-section-height-default\" data-id=\"c875041\" data-element_type=\"section\" data-e-type=\"section\">\n\t\t\t\t\t\t<div class=\"elementor-container elementor-column-gap-default\">\n\t\t\t\t\t<div class=\"elementor-column elementor-col-100 elementor-inner-column elementor-element elementor-element-13cfb3a\" data-id=\"13cfb3a\" data-element_type=\"column\" data-e-type=\"column\">\n\t\t\t<div class=\"elementor-widget-wrap elementor-element-populated\">\n\t\t\t\t\t\t<div class=\"elementor-element elementor-element-3cd193c elementor-widget elementor-widget-heading\" data-id=\"3cd193c\" data-element_type=\"widget\" data-e-type=\"widget\" data-widget_type=\"heading.default\">\n\t\t\t\t<div class=\"elementor-widget-container\">\n\t\t\t\t\t<h2 class=\"elementor-heading-title elementor-size-default\">Webmeeting legale Anforderungen Spanien<\/h2>\t\t\t\t<\/div>\n\t\t\t\t<\/div>\n\t\t\t\t<div class=\"elementor-element elementor-element-d42485f elementor-widget elementor-widget-text-editor\" data-id=\"d42485f\" data-element_type=\"widget\" data-e-type=\"widget\" data-widget_type=\"text-editor.default\">\n\t\t\t\t<div class=\"elementor-widget-container\">\n\t\t\t\t\t\t\t\t\t<p>Haben Sie weitere Fragen zu den rechtlichen Anforderungen in Spanien oder m\u00f6chten Sie eine Demo zur Einhaltung der SII-Regeln in SAP Document Compliance erhalten? Kontaktieren Sie uns!<\/p>\t\t\t\t\t\t\t\t<\/div>\n\t\t\t\t<\/div>\n\t\t\t\t\t<\/div>\n\t\t<\/div>\n\t\t\t\t\t<\/div>\n\t\t<\/section>\n\t\t\t\t<section class=\"elementor-section elementor-inner-section elementor-element elementor-element-b01cd4b elementor-section-height-min-height elementor-section-boxed elementor-section-height-default\" data-id=\"b01cd4b\" data-element_type=\"section\" data-e-type=\"section\" data-settings=\"{&quot;background_background&quot;:&quot;classic&quot;}\">\n\t\t\t\t\t\t<div class=\"elementor-container elementor-column-gap-default\">\n\t\t\t\t\t<div class=\"elementor-column elementor-col-100 elementor-inner-column elementor-element elementor-element-084f60d\" data-id=\"084f60d\" data-element_type=\"column\" data-e-type=\"column\">\n\t\t\t<div class=\"elementor-widget-wrap elementor-element-populated\">\n\t\t\t\t\t\t<div class=\"elementor-element elementor-element-7b39218 elementor-widget__width-initial elementor-widget elementor-widget-pikon-author-box-widget\" data-id=\"7b39218\" data-element_type=\"widget\" data-e-type=\"widget\" data-widget_type=\"pikon-author-box-widget.default\">\n\t\t\t\t<div class=\"elementor-widget-container\">\n\t\t\t\t\t<div class=\"elementor-widget-image-box elementor-position-left elementor-vertical-align-top\"><div class=\"elementor-image-box-wrapper\"><figure class=\"elementor-image-box-img\"><img decoding=\"async\" src=\"https:\/\/www.pikon.com\/wp-content\/uploads\/2023\/08\/Tanja_Nikolaus-150x150.jpg\" alt=\"Tanja Nikolaus\" title=\"Tanja Nikolaus\" loading=\"lazy\"\/><\/a><\/figure><div class=\"elementor-image-box-content\"><div class=\"elementor-image-box-title\">Tanja Nikolaus<\/div><div class=\"elementor-image-box-position\">Customer Success Manager<\/div><div class=\"elementor-image-box-phone\"><a href=\"tel:+4968137962169\"><i class=\"fas fa-phone\"><\/i> +49 (0) 681 379 62 - 169<\/a><\/div><div class=\"elementor-image-box-mail\"><a href=\"mailto:tanja.nikolaus@pikon.com\"><i class=\"fa-fw far fa-envelope\"><\/i> tanja.nikolaus@pikon.com<\/a><\/div><div class=\"elementor-image-box-description\"><p><div class=\"activecampaign-inline-container \"><div class=\"activecampaign-inline-form\">[borlabs-cookie id=\"active-campaign-email-marketing-form\" type=\"content-blocker\"]<div class='_form_86'><\/div><script type='text\/javascript' src='https:\/\/pikon.activehosted.com\/f\/embed.php?static=0&id=86&6A9AEDE66FBFF&nostyles=0&preview=0'><\/script>[\/borlabs-cookie]<\/div><div class=\"activecampaign-inline-button\"><a class=\"cta-button\" href=\"#\">Web-Meeting vereinbaren<\/a><\/div><\/div><\/p><\/div><\/div><\/div><\/div>\t\t\t\t<\/div>\n\t\t\t\t<\/div>\n\t\t\t\t\t<\/div>\n\t\t<\/div>\n\t\t\t\t\t<\/div>\n\t\t<\/section>\n\t\t\t\t\t<\/div>\n\t\t<\/div>\n\t\t\t\t\t<\/div>\n\t\t<\/section>\n\t\t\t\t<section class=\"elementor-section elementor-top-section elementor-element elementor-element-7ea3f89 elementor-section-boxed elementor-section-height-default elementor-section-height-default\" data-id=\"7ea3f89\" data-element_type=\"section\" data-e-type=\"section\">\n\t\t\t\t\t\t<div class=\"elementor-container elementor-column-gap-default\">\n\t\t\t\t\t<div class=\"elementor-column elementor-col-100 elementor-top-column elementor-element elementor-element-e07d680\" data-id=\"e07d680\" data-element_type=\"column\" data-e-type=\"column\">\n\t\t\t<div class=\"elementor-widget-wrap elementor-element-populated\">\n\t\t\t\t\t\t<div class=\"elementor-element elementor-element-1c5289f elementor-widget elementor-widget-heading\" data-id=\"1c5289f\" data-element_type=\"widget\" data-e-type=\"widget\" data-widget_type=\"heading.default\">\n\t\t\t\t<div class=\"elementor-widget-container\">\n\t\t\t\t\t<h2 class=\"elementor-heading-title elementor-size-default\">So kann PIKON Ihnen helfen<\/h2>\t\t\t\t<\/div>\n\t\t\t\t<\/div>\n\t\t\t\t<div class=\"elementor-element elementor-element-279c590 elementor-widget elementor-widget-text-editor\" data-id=\"279c590\" data-element_type=\"widget\" data-e-type=\"widget\" data-widget_type=\"text-editor.default\">\n\t\t\t\t<div class=\"elementor-widget-container\">\n\t\t\t\t\t\t\t\t\t<p>Mit dem <a href=\"https:\/\/www.pikon.com\/de\/leistungen\/beratung\/e-invoicing-tax-reporting\/\" target=\"_blank\" rel=\"noopener\">PIKON Competence Center for Legal Requirements<\/a> sind wir ein strategischer Partner, der sicherstellt, dass Ihr SAP-System und die Gesch\u00e4ftsprozesse langfristig die unterschiedlichen l\u00e4nderspezifischen gesetzlichen Anforderungen weltweit erf\u00fcllen. Wir verf\u00fcgen \u00fcber ein Expertenteam, das SAP-Fachwissen mit fundierten Kenntnissen des gesamten rechtlichen Prozesses und der technischen Anforderungen von Spanien und vielen anderen L\u00e4ndern verbindet. Diese Erfahrung haben wir durch unsere zahlreichen Projekte mit <a href=\"https:\/\/www.pikon.com\/de\/loesungen\/sap-drc\/\" target=\"_blank\" rel=\"noopener\">SAP Document &amp; Reporting Compliance<\/a> und mit lokalen Implementierungsprojekten weltweit gesammelt. Um nur einige Beispiele aufzuf\u00fchren: <a href=\"https:\/\/www.pikon.com\/de\/blog\/sdi-verordnung-in-sap-erp\/\">SDI in Italien<\/a>,\u00a0<a href=\"https:\/\/www.pikon.com\/de\/blog\/sii-spanien\/\">SII in Spanien<\/a>, <a href=\"https:\/\/www.pikon.com\/de\/blog\/mexiko-sap-loesung-zur-einhaltung-der-cfdi-traslado-richtlinien\/\">CFDI<\/a> und <a href=\"https:\/\/www.pikon.com\/de\/blog\/mexiko-sap-loesung-fuer-complemento-de-pago-e-payment-anforderung\/\">Complemento de Pago<\/a> in Mexiko,\u00a0<a href=\"https:\/\/www.pikon.com\/de\/blog\/e-invoicing-in-ungarn-update-2020-mit-sap-document-compliance\/\">RTIR<\/a>\u00a0und EKAER in Ungarn,\u00a0<a href=\"https:\/\/www.pikon.com\/de\/blog\/xrechnung-deutschland-sap-document-compliance-einvoicing-peppol-zugferd-ecc-s4hana\/\">XRechnung in Deutschland<\/a>, die verschiedenen\u00a0<a href=\"https:\/\/www.pikon.com\/de\/blog\/tuerkei-e-delivery-sap-document-compliance\/\">gesetzlichen Anforderungen in der T\u00fcrkei<\/a>, usw. Wir haben auch unsere eigenen SAP Compliance Add-Ons entwickelt, z.\u00a0B. <a href=\"https:\/\/www.pikon.com\/de\/blog\/update-uk-mtd-vat-deadline-auf-21-april-2021-verschoben\/\">MTD VAT in Gro\u00dfbritannien<\/a>\u00a0und die\u00a0<a href=\"https:\/\/www.pikon.com\/de\/blog\/whitelist_poland_sap_ecc_s4hana\/\">VAT Whitelist in Polen<\/a>. Dar\u00fcber hinaus haben wir stets ein Auge auf neue und sich \u00e4ndernde gesetzliche Anforderungen und informieren unsere Kunden, wenn Handlungsbedarf besteht. So muss sich Ihr Unternehmen nicht selbst um alle rechtlichen Anforderungen k\u00fcmmern, und Sie k\u00f6nnen sich auf Ihr Tagesgesch\u00e4ft konzentrieren.<\/p>\t\t\t\t\t\t\t\t<\/div>\n\t\t\t\t<\/div>\n\t\t\t\t\t<\/div>\n\t\t<\/div>\n\t\t\t\t\t<\/div>\n\t\t<\/section>\n\t\t\t\t<section class=\"elementor-section elementor-top-section elementor-element elementor-element-9414b3a elementor-section-height-min-height elementor-section-boxed elementor-section-height-default elementor-section-items-middle\" data-id=\"9414b3a\" data-element_type=\"section\" data-e-type=\"section\">\n\t\t\t\t\t\t<div class=\"elementor-container elementor-column-gap-default\">\n\t\t\t\t\t<div class=\"elementor-column elementor-col-100 elementor-top-column elementor-element elementor-element-4e62a06\" data-id=\"4e62a06\" data-element_type=\"column\" data-e-type=\"column\" data-settings=\"{&quot;background_background&quot;:&quot;classic&quot;}\">\n\t\t\t<div class=\"elementor-widget-wrap elementor-element-populated\">\n\t\t\t\t\t\t<section class=\"elementor-section elementor-inner-section elementor-element elementor-element-1aada38 elementor-section-boxed elementor-section-height-default elementor-section-height-default\" data-id=\"1aada38\" data-element_type=\"section\" data-e-type=\"section\" data-settings=\"{&quot;background_background&quot;:&quot;classic&quot;}\">\n\t\t\t\t\t\t<div class=\"elementor-container elementor-column-gap-default\">\n\t\t\t\t\t<div class=\"elementor-column elementor-col-100 elementor-inner-column elementor-element elementor-element-493fc83\" data-id=\"493fc83\" data-element_type=\"column\" data-e-type=\"column\">\n\t\t\t<div class=\"elementor-widget-wrap elementor-element-populated\">\n\t\t\t\t\t\t<div class=\"elementor-element elementor-element-abaf9ff bdt-icon-type-image elementor-position-left elementor-widget__width-initial elementor-vertical-align-top bdt-icon-effect-none elementor-widget elementor-widget-bdt-advanced-icon-box\" data-id=\"abaf9ff\" data-element_type=\"widget\" data-e-type=\"widget\" data-widget_type=\"bdt-advanced-icon-box.default\">\n\t\t\t\t<div class=\"elementor-widget-container\">\n\t\t\t\t\t\t\t<div class=\"bdt-ep-advanced-icon-box\">\n\n\t\t\t\t\t\t\t\n\t\t\t\t\t<div class=\"bdt-ep-advanced-icon-box-icon\">\n\t\t\t\t<span class=\"bdt-ep-advanced-icon-box-icon-wrap\">\n\n\n\t\t\t\t\t<img fetchpriority=\"high\" decoding=\"async\" width=\"737\" height=\"1000\" src=\"https:\/\/www.pikon.com\/wp-content\/uploads\/2024\/08\/Copy-of-Untitled-Design-2.png\" class=\"attachment-full size-full\" alt=\"Whitepaper &quot;Spanien SII VS. Crea y Crece&quot;\" srcset=\"https:\/\/www.pikon.com\/wp-content\/uploads\/2024\/08\/Copy-of-Untitled-Design-2.png 737w, https:\/\/www.pikon.com\/wp-content\/uploads\/2024\/08\/Copy-of-Untitled-Design-2-221x300.png 221w, https:\/\/www.pikon.com\/wp-content\/uploads\/2024\/08\/Copy-of-Untitled-Design-2-600x814.png 600w\" sizes=\"(max-width: 737px) 100vw, 737px\" \/>\t\t\t\t<\/span>\n\t\t\t<\/div>\n\t\t\n\t\t\t\t\n\t\t\t<div class=\"bdt-ep-advanced-icon-box-content\">\n\n\t\t\t\t\t\t\t\t\t\t\t<h3 class=\"bdt-ep-advanced-icon-box-title ep-title-\">\n\t\t\t<span >\n\t\t\t\tWhitepaper \"Spanien SII VS. Crea y Crece\"\t\t\t<\/span>\n\t\t<\/h3>\n\t\t\t\t\t\t\n\t\t\t\t\n\t\t\t\t\t\t\t\t\t<div class=\"bdt-ep-advanced-icon-box-description\">\n\t\t\t\t\t\t<p>Dieses Whitepaper bietet eine detaillierte Analyse der spanischen Vorschriften Suministro Inmediato de Informaci\u00f3n (SII) und Crea y Crece, die f\u00fcr Unternehmen in Spanien relevant sind. Es erkl\u00e4rt die wichtigsten Unterschiede und gibt praktische Anleitungen zur Einhaltung der gesetzlichen Anforderungen. Durch das Herunterladen des Dokuments erhalten Unternehmen wertvolle Einblicke, um ihre Steuerberichterstattung und Rechnungsstellung effizient und rechtskonform zu gestalten.<\/p><p>\u00a0<\/p><p><a class=\"cta-button\" href=\"https:\/\/www.pikon.com\/de\/doc\/legale-anforderungen-in-spanien-sii-vs-crea-y-crece\/\" target=\"_blank\" rel=\"noopener\">Download<\/a><\/p>\t\t\t\t\t<\/div>\n\t\t\t\t\n\t\t\t\t\t\t\t<\/div>\n\t\t<\/div>\n\n\t\t\n\t\t\n\t\t\t\t<\/div>\n\t\t\t\t<\/div>\n\t\t\t\t\t<\/div>\n\t\t<\/div>\n\t\t\t\t\t<\/div>\n\t\t<\/section>\n\t\t\t\t\t<\/div>\n\t\t<\/div>\n\t\t\t\t\t<\/div>\n\t\t<\/section>\n\t\t\t\t<\/div>\n\t\t","protected":false},"excerpt":{"rendered":"<p>Mit dem Gesetz &#8222;Crea y Crece&#8220; wird die elektronische Rechnungsstellung in Spanien Pflicht.<\/p>\n","protected":false},"author":70,"featured_media":63137,"comment_status":"open","ping_status":"open","sticky":false,"template":"","format":"standard","meta":{"_acf_changed":false,"footnotes":""},"categories":[400],"tags":[338,505,475,483],"class_list":["post-63382","post","type-post","status-publish","format-standard","has-post-thumbnail","hentry","category-alle-beitraege","tag-e-invoicing-de","tag-e-invoicing-tax-reporting","tag-sii-de","tag-spanien","no-featured-image-padding"],"acf":[],"yoast_head":"<!-- This site is optimized with the Yoast SEO plugin v28.4 - https:\/\/yoast.com\/product\/yoast-seo-wordpress\/ -->\n<title>\u201eCrea y Crece\u201c Spanien: Verpflichtung zur e-Rechnung f\u00fcr 2027\u20132028<\/title>\n<meta name=\"description\" content=\"Mit &quot;Crea y Crece&quot; wird eInvoicing in Spanien f\u00fcr Unternehmen und Freiberufler Pflicht. Hier die erwarteten Anforderungen und L\u00f6sung von SAP.\" \/>\n<meta name=\"robots\" content=\"index, follow, max-snippet:-1, max-image-preview:large, max-video-preview:-1\" \/>\n<link rel=\"canonical\" href=\"https:\/\/www.pikon.com\/de\/blog\/crea-y-crece-spanien-b2b-einvoicing-mit-sap\/\" \/>\n<meta property=\"og:locale\" content=\"de_DE\" \/>\n<meta property=\"og:type\" content=\"article\" \/>\n<meta property=\"og:title\" content=\"\u201eCrea y Crece\u201c Spanien: Verpflichtung zur e-Rechnung f\u00fcr 2027\u20132028\" \/>\n<meta property=\"og:description\" content=\"Mit &quot;Crea y Crece&quot; wird eInvoicing in Spanien f\u00fcr Unternehmen und Freiberufler Pflicht. Hier die erwarteten Anforderungen und L\u00f6sung von SAP.\" \/>\n<meta property=\"og:url\" content=\"https:\/\/www.pikon.com\/de\/blog\/crea-y-crece-spanien-b2b-einvoicing-mit-sap\/\" \/>\n<meta property=\"og:site_name\" content=\"PIKON SAP Beratung\" \/>\n<meta property=\"article:published_time\" content=\"2026-06-22T06:33:46+00:00\" \/>\n<meta property=\"article:modified_time\" content=\"2026-06-22T09:29:35+00:00\" \/>\n<meta property=\"og:image\" content=\"https:\/\/www.pikon.com\/wp-content\/uploads\/2023\/04\/Spanien-cSergii-Figurnyi_AdobeStock_80046540-scaled-e1681368651176.jpeg\" \/>\n\t<meta property=\"og:image:width\" content=\"2560\" \/>\n\t<meta property=\"og:image:height\" content=\"1043\" \/>\n\t<meta property=\"og:image:type\" content=\"image\/jpeg\" \/>\n<meta name=\"author\" content=\"Elseline Senave\" \/>\n<meta name=\"twitter:card\" content=\"summary_large_image\" \/>\n<!-- \/ Yoast SEO plugin. -->","yoast_head_json":{"title":"\u201eCrea y Crece\u201c Spanien: Verpflichtung zur e-Rechnung f\u00fcr 2027\u20132028","description":"Mit \"Crea y Crece\" wird eInvoicing in Spanien f\u00fcr Unternehmen und Freiberufler Pflicht. Hier die erwarteten Anforderungen und L\u00f6sung von SAP.","robots":{"index":"index","follow":"follow","max-snippet":"max-snippet:-1","max-image-preview":"max-image-preview:large","max-video-preview":"max-video-preview:-1"},"canonical":"https:\/\/www.pikon.com\/de\/blog\/crea-y-crece-spanien-b2b-einvoicing-mit-sap\/","og_locale":"de_DE","og_type":"article","og_title":"\u201eCrea y Crece\u201c Spanien: Verpflichtung zur e-Rechnung f\u00fcr 2027\u20132028","og_description":"Mit \"Crea y Crece\" wird eInvoicing in Spanien f\u00fcr Unternehmen und Freiberufler Pflicht. Hier die erwarteten Anforderungen und L\u00f6sung von SAP.","og_url":"https:\/\/www.pikon.com\/de\/blog\/crea-y-crece-spanien-b2b-einvoicing-mit-sap\/","og_site_name":"PIKON SAP Beratung","article_published_time":"2026-06-22T06:33:46+00:00","article_modified_time":"2026-06-22T09:29:35+00:00","og_image":[{"width":2560,"height":1043,"url":"https:\/\/www.pikon.com\/wp-content\/uploads\/2023\/04\/Spanien-cSergii-Figurnyi_AdobeStock_80046540-scaled-e1681368651176.jpeg","type":"image\/jpeg"}],"author":"Elseline Senave","twitter_card":"summary_large_image","schema":{"@context":"https:\/\/schema.org","@graph":[{"@type":"Article","@id":"https:\/\/www.pikon.com\/de\/blog\/crea-y-crece-spanien-b2b-einvoicing-mit-sap\/#article","isPartOf":{"@id":"https:\/\/www.pikon.com\/de\/blog\/crea-y-crece-spanien-b2b-einvoicing-mit-sap\/"},"author":{"name":"Elseline Senave","@id":"https:\/\/www.pikon.com\/de\/#\/schema\/person\/e44f9525677baaeadf7fb1aa9e75d251"},"headline":"\u201eCrea y Crece\u201c Spanien: Verpflichtung zur e-Rechnung f\u00fcr 2027\u20132028","datePublished":"2026-06-22T06:33:46+00:00","dateModified":"2026-06-22T09:29:35+00:00","mainEntityOfPage":{"@id":"https:\/\/www.pikon.com\/de\/blog\/crea-y-crece-spanien-b2b-einvoicing-mit-sap\/"},"wordCount":1372,"commentCount":0,"publisher":{"@id":"https:\/\/www.pikon.com\/de\/#organization"},"image":{"@id":"https:\/\/www.pikon.com\/de\/blog\/crea-y-crece-spanien-b2b-einvoicing-mit-sap\/#primaryimage"},"thumbnailUrl":"https:\/\/www.pikon.com\/wp-content\/uploads\/2023\/04\/Spanien-cSergii-Figurnyi_AdobeStock_80046540-scaled-e1681368651176.jpeg","keywords":["E-Invoicing","E-Invoicing &amp; Tax Reporting","SII","Spanien"],"articleSection":["Alle Beitr\u00e4ge"],"inLanguage":"de","potentialAction":[{"@type":"CommentAction","name":"Comment","target":["https:\/\/www.pikon.com\/de\/blog\/crea-y-crece-spanien-b2b-einvoicing-mit-sap\/#respond"]}]},{"@type":"WebPage","@id":"https:\/\/www.pikon.com\/de\/blog\/crea-y-crece-spanien-b2b-einvoicing-mit-sap\/","url":"https:\/\/www.pikon.com\/de\/blog\/crea-y-crece-spanien-b2b-einvoicing-mit-sap\/","name":"\u201eCrea y Crece\u201c Spanien: Verpflichtung zur e-Rechnung f\u00fcr 2027\u20132028","isPartOf":{"@id":"https:\/\/www.pikon.com\/de\/#website"},"primaryImageOfPage":{"@id":"https:\/\/www.pikon.com\/de\/blog\/crea-y-crece-spanien-b2b-einvoicing-mit-sap\/#primaryimage"},"image":{"@id":"https:\/\/www.pikon.com\/de\/blog\/crea-y-crece-spanien-b2b-einvoicing-mit-sap\/#primaryimage"},"thumbnailUrl":"https:\/\/www.pikon.com\/wp-content\/uploads\/2023\/04\/Spanien-cSergii-Figurnyi_AdobeStock_80046540-scaled-e1681368651176.jpeg","datePublished":"2026-06-22T06:33:46+00:00","dateModified":"2026-06-22T09:29:35+00:00","description":"Mit \"Crea y Crece\" wird eInvoicing in Spanien f\u00fcr Unternehmen und Freiberufler Pflicht. Hier die erwarteten Anforderungen und L\u00f6sung von SAP.","breadcrumb":{"@id":"https:\/\/www.pikon.com\/de\/blog\/crea-y-crece-spanien-b2b-einvoicing-mit-sap\/#breadcrumb"},"inLanguage":"de","potentialAction":[{"@type":"ReadAction","target":["https:\/\/www.pikon.com\/de\/blog\/crea-y-crece-spanien-b2b-einvoicing-mit-sap\/"]}]},{"@type":"ImageObject","inLanguage":"de","@id":"https:\/\/www.pikon.com\/de\/blog\/crea-y-crece-spanien-b2b-einvoicing-mit-sap\/#primaryimage","url":"https:\/\/www.pikon.com\/wp-content\/uploads\/2023\/04\/Spanien-cSergii-Figurnyi_AdobeStock_80046540-scaled-e1681368651176.jpeg","contentUrl":"https:\/\/www.pikon.com\/wp-content\/uploads\/2023\/04\/Spanien-cSergii-Figurnyi_AdobeStock_80046540-scaled-e1681368651176.jpeg","width":2560,"height":1043,"caption":"Aerial view of Cibeles fountain at Plaza de Cibeles in Madrid in a beautiful summer day, Spain"},{"@type":"BreadcrumbList","@id":"https:\/\/www.pikon.com\/de\/blog\/crea-y-crece-spanien-b2b-einvoicing-mit-sap\/#breadcrumb","itemListElement":[{"@type":"ListItem","position":1,"name":"Home","item":"https:\/\/www.pikon.com\/de\/"},{"@type":"ListItem","position":2,"name":"\u201eCrea y Crece\u201c Spanien: Verpflichtung zur e-Rechnung f\u00fcr 2027\u20132028"}]},{"@type":"WebSite","@id":"https:\/\/www.pikon.com\/de\/#website","url":"https:\/\/www.pikon.com\/de\/","name":"PIKON SAP Beratung","description":"SAP Beratung, SAP ERP Beratung, SAP Unternehmensberatung, SAP Softwareentwicklung, SAP Releasewechsel, SAP Partner, SAP Projekte, SAP Entwicklung, Einf\u00fchrung SAP ERP, Einf\u00fchrung SAP BI, ABAP Programmierung, SAP RollOut, SAP Schulung, SAP Hilfe, SAP Projektmanagement, Non Conformance Costs, NCC, HANA, Performance, Reporting, Business Intelligence, Customer Development, Change Management","publisher":{"@id":"https:\/\/www.pikon.com\/de\/#organization"},"potentialAction":[{"@type":"SearchAction","target":{"@type":"EntryPoint","urlTemplate":"https:\/\/www.pikon.com\/de\/?s={search_term_string}"},"query-input":{"@type":"PropertyValueSpecification","valueRequired":true,"valueName":"search_term_string"}}],"inLanguage":"de"},{"@type":"Organization","@id":"https:\/\/www.pikon.com\/de\/#organization","name":"PIKON","url":"https:\/\/www.pikon.com\/de\/","logo":{"@type":"ImageObject","inLanguage":"de","@id":"https:\/\/www.pikon.com\/de\/#\/schema\/logo\/image\/","url":"https:\/\/www.pikon.com\/wp-content\/uploads\/2016\/07\/PIKON_Logo_NET_RGB.png","contentUrl":"https:\/\/www.pikon.com\/wp-content\/uploads\/2016\/07\/PIKON_Logo_NET_RGB.png","width":1810,"height":489,"caption":"PIKON"},"image":{"@id":"https:\/\/www.pikon.com\/de\/#\/schema\/logo\/image\/"}},{"@type":"Person","@id":"https:\/\/www.pikon.com\/de\/#\/schema\/person\/e44f9525677baaeadf7fb1aa9e75d251","name":"Elseline Senave","image":{"@type":"ImageObject","inLanguage":"de","@id":"https:\/\/www.pikon.com\/wp-content\/uploads\/2024\/03\/Elseline-ELSE-150x150.png","url":"https:\/\/www.pikon.com\/wp-content\/uploads\/2024\/03\/Elseline-ELSE-150x150.png","contentUrl":"https:\/\/www.pikon.com\/wp-content\/uploads\/2024\/03\/Elseline-ELSE-150x150.png","caption":"Elseline Senave"},"url":"https:\/\/www.pikon.com\/de\/blog\/author\/elseline-senave\/"}]}},"_links":{"self":[{"href":"https:\/\/www.pikon.com\/de\/wp-json\/wp\/v2\/posts\/63382","targetHints":{"allow":["GET"]}}],"collection":[{"href":"https:\/\/www.pikon.com\/de\/wp-json\/wp\/v2\/posts"}],"about":[{"href":"https:\/\/www.pikon.com\/de\/wp-json\/wp\/v2\/types\/post"}],"author":[{"embeddable":true,"href":"https:\/\/www.pikon.com\/de\/wp-json\/wp\/v2\/users\/70"}],"replies":[{"embeddable":true,"href":"https:\/\/www.pikon.com\/de\/wp-json\/wp\/v2\/comments?post=63382"}],"version-history":[{"count":22,"href":"https:\/\/www.pikon.com\/de\/wp-json\/wp\/v2\/posts\/63382\/revisions"}],"predecessor-version":[{"id":109152,"href":"https:\/\/www.pikon.com\/de\/wp-json\/wp\/v2\/posts\/63382\/revisions\/109152"}],"wp:featuredmedia":[{"embeddable":true,"href":"https:\/\/www.pikon.com\/de\/wp-json\/wp\/v2\/media\/63137"}],"wp:attachment":[{"href":"https:\/\/www.pikon.com\/de\/wp-json\/wp\/v2\/media?parent=63382"}],"wp:term":[{"taxonomy":"category","embeddable":true,"href":"https:\/\/www.pikon.com\/de\/wp-json\/wp\/v2\/categories?post=63382"},{"taxonomy":"post_tag","embeddable":true,"href":"https:\/\/www.pikon.com\/de\/wp-json\/wp\/v2\/tags?post=63382"}],"curies":[{"name":"wp","href":"https:\/\/api.w.org\/{rel}","templated":true}]}}